{"id":88214,"date":"2024-12-02T14:47:49","date_gmt":"2024-12-02T13:47:49","guid":{"rendered":"https:\/\/www.jardinartificial.es\/acessorios-essenciais-para-a-instalacao-e-manutencao-da-relva-artificial\/"},"modified":"2025-12-15T11:42:17","modified_gmt":"2025-12-15T10:42:17","slug":"acessorios-essenciais-para-a-instalacao-e-manutencao-da-relva-artificial","status":"publish","type":"post","link":"https:\/\/www.jardinartificial.es\/pt\/acessorios-essenciais-para-a-instalacao-e-manutencao-da-relva-artificial\/","title":{"rendered":"Acess\u00f3rios essenciais para a instala\u00e7\u00e3o e manuten\u00e7\u00e3o da relva artificial"},"content":{"rendered":"\n<p><strong>A instala\u00e7\u00e3o de relva artificial<\/strong> em tua casa \u00e9 uma excelente forma de desfrutares de um espa\u00e7o verde durante todo o ano sem complica\u00e7\u00f5es. No entanto, para uma <strong>instala\u00e7\u00e3o<\/strong> <strong>bem<\/strong> <strong>sucedida e duradoura<\/strong>, bem como para uma <strong>manuten\u00e7\u00e3o correta<\/strong>, \u00e9 essencial dispor dos <strong>acess\u00f3rios necess\u00e1rios<\/strong>. <\/p>\n\n<p>Neste artigo, dizemos-te o que s\u00e3o, para que servem e de que quantidade precisas. Na g\u00edria da moda, vamos falar-te do &#8220;must have&#8221; dos <a href=\"https:\/\/www.jardinartificial.es\/accesorios-cesped-artificial\/\"><strong>acess\u00f3rios para relva artificial<\/strong><\/a>. <\/p>\n\n<h2 class=\"wp-block-heading\" id=\"h-accesorios-imprescindibles-para-la-instalacion-y-mantenimiento-del-cesped-artificial\"><strong>Acess\u00f3rios essenciais para a instala\u00e7\u00e3o e manuten\u00e7\u00e3o da relva artificial<\/strong><\/h2>\n\n<h3 class=\"wp-block-heading\" id=\"h-1-malla-antihierba-o-geotextil\"><strong>1. rede de barreira contra ervas daninhas ou geot\u00eaxtil<\/strong><\/h3>\n\n<p>Este acess\u00f3rio <strong>impede que as ervas daninhas cres\u00e7am<\/strong> debaixo da relva artificial, garantindo um acabamento limpo e duradouro. Este material s\u00f3 \u00e9 necess\u00e1rio se instalares a relva acima do solo. <\/p>\n<div class=\"wp-block-image\">\n<figure class=\"aligncenter size-large is-resized\"><a href=\"https:\/\/www.jardinartificial.es\/pt\/comprar\/accesorios-cesped-artificial-pt\/malla-antihierba-geotextil-gramaje-100\/\"><img fetchpriority=\"high\" decoding=\"async\" width=\"789\" height=\"1024\" src=\"https:\/\/www.jardinartificial.es\/wp-content\/uploads\/2023\/09\/malla-antihierba1-scaled-1-1-789x1024.jpg\" alt=\"rede para infestantes\" class=\"wp-image-56789\" style=\"width:206px;height:auto\" srcset=\"https:\/\/www.jardinartificial.es\/wp-content\/uploads\/2023\/09\/malla-antihierba1-scaled-1-1-789x1024.jpg 789w, https:\/\/www.jardinartificial.es\/wp-content\/uploads\/2023\/09\/malla-antihierba1-scaled-1-1-600x779.jpg 600w, https:\/\/www.jardinartificial.es\/wp-content\/uploads\/2023\/09\/malla-antihierba1-scaled-1-1-231x300.jpg 231w, https:\/\/www.jardinartificial.es\/wp-content\/uploads\/2023\/09\/malla-antihierba1-scaled-1-1-768x997.jpg 768w, https:\/\/www.jardinartificial.es\/wp-content\/uploads\/2023\/09\/malla-antihierba1-scaled-1-1-1183x1536.jpg 1183w, https:\/\/www.jardinartificial.es\/wp-content\/uploads\/2023\/09\/malla-antihierba1-scaled-1-1-1578x2048.jpg 1578w, https:\/\/www.jardinartificial.es\/wp-content\/uploads\/2023\/09\/malla-antihierba1-scaled-1-1.jpg 1972w\" sizes=\"(max-width: 789px) 100vw, 789px\" \/><\/a><\/figure>\n<\/div>\n<p><\/p>\n\n<p><\/p>\n\n<p>Est\u00e1 dispon\u00edvel em diferentes pesos: <a href=\"https:\/\/www.jardinartificial.es\/pt\/comprar\/accesorios-cesped-artificial-pt\/malla-antihierba-geotextil-gramaje-100\/\"><strong>rede de infestantes de 100 gr<\/strong><\/a>malha, de <a href=\"https:\/\/www.jardinartificial.es\/pt\/comprar\/accesorios-cesped-artificial-pt\/rede-geotextil-para-controlo-de-ervas-daninhas-120-gramas\/\"><strong>120 gr<\/strong><\/a> e <a href=\"https:\/\/www.jardinartificial.es\/pt\/comprar\/accesorios-cesped-artificial-pt\/rede-geotextil-para-controlo-de-ervas-daninhas-160-gramas\/\"><strong>160 gr<\/strong><\/a>. Qual delas devo comprar? Isso depender\u00e1 <strong>da quantidade de ervas dan<\/strong> inhas que normalmente crescem no teu jardim ou p\u00e1tio. Se houver poucas ervas daninhas, a rede anti-ervas daninhas de 100 gr ser\u00e1 suficiente, mas se houver muitas ervas daninhas, \u00e9 melhor usar a de 160 gr, porque quanto mais pesada for a rede, menos luz passa atrav\u00e9s dela e, portanto, mais dif\u00edcil ser\u00e1 o aparecimento de ervas daninhas.   <\/p>\n\n<p><strong>Recomenda\u00e7\u00e3o<\/strong>: Compra mais 5% de metros quadrados de rede do que de relva artificial para cobrir poss\u00edveis ajustes e cortes durante a instala\u00e7\u00e3o.<\/p>\n\n<h3 class=\"wp-block-heading\" id=\"h-2-banda-de-union\"><strong>2) Banda da Uni\u00e3o<\/strong><\/h3>\n\n<p>Utiliza-se para unir as diferentes sec\u00e7\u00f5es da relva artificial para obter um acabamento uniforme sem juntas vis\u00edveis. Utiliza-se tanto em <a href=\"https:\/\/www.jardinartificial.es\/pt\/como-instalar-relva-artificial-no-solo-um-guia-passo-a-passo\/\"><strong>instala\u00e7\u00f5es de relva artificial no solo<\/strong><\/a> e <a href=\"https:\/\/www.jardinartificial.es\/pt\/relva-artificial-como-instalar-no-pavimento-um-guia-passo-a-passo\/\"><strong>em pavimento<\/strong><\/a>. <\/p>\n<div class=\"wp-block-image\">\n<figure class=\"aligncenter size-full is-resized\"><a href=\"https:\/\/www.jardinartificial.es\/pt\/comprar\/accesorios-cesped-artificial-pt\/fita-adesiva-de-colagem-10mtrs\/\"><img decoding=\"async\" width=\"1000\" height=\"750\" src=\"https:\/\/www.jardinartificial.es\/wp-content\/uploads\/2023\/09\/1-copia-1.jpg\" alt=\"\" class=\"wp-image-56791\" style=\"width:379px;height:auto\" srcset=\"https:\/\/www.jardinartificial.es\/wp-content\/uploads\/2023\/09\/1-copia-1.jpg 1000w, https:\/\/www.jardinartificial.es\/wp-content\/uploads\/2023\/09\/1-copia-1-600x450.jpg 600w, https:\/\/www.jardinartificial.es\/wp-content\/uploads\/2023\/09\/1-copia-1-300x225.jpg 300w, https:\/\/www.jardinartificial.es\/wp-content\/uploads\/2023\/09\/1-copia-1-768x576.jpg 768w\" sizes=\"(max-width: 1000px) 100vw, 1000px\" \/><\/a><\/figure>\n<\/div>\n<p><\/p>\n\n<p class=\"has-text-align-left\">Podes compr\u00e1-la em dois formatos diferentes: <a href=\"https:\/\/www.jardinartificial.es\/pt\/comprar\/accesorios-cesped-artificial-pt\/fita-adesiva-de-colagem-10mtrs\/\"><strong>Fita adesiva de 10 metros<\/strong><\/a> y <a href=\"https:\/\/www.jardinartificial.es\/pt\/comprar\/accesorios-cesped-artificial-pt\/fita-adesiva-de-5-mtrs\/\"><strong>de 5 metros<\/strong><\/a> y <a href=\"https:\/\/www.jardinartificial.es\/pt\/comprar\/accesorios-cesped-artificial-pt\/20cm-x-10-mtrs-nao-adesivo\/\"><strong>Fitas de uni\u00e3o n\u00e3o adesivas de 20 cm x 10 m<\/strong><\/a> y <a href=\"https:\/\/www.jardinartificial.es\/pt\/comprar\/accesorios-cesped-artificial-pt\/tira-de-uniao-30cm-x-10-mtrs-nao-adesiva\/\"><strong>30 cm x 10 m<\/strong><\/a>que precisas para completar a instala\u00e7\u00e3o do bicomponente.<\/p>\n\n<p><strong>Quantidade necess\u00e1ria<\/strong>: Mede os <strong>metros lineares de juntas<\/strong> que ter\u00e1s de acordo com o teu plano de instala\u00e7\u00e3o. Um <strong>plano pr\u00e9vio<\/strong> \u00e9 fundamental para calcular corretamente e facilitar a instala\u00e7\u00e3o. <\/p>\n\n<h3 class=\"wp-block-heading\" id=\"h-3-bicomponente\"><strong>3. Bicomponente<\/strong><\/h3>\n\n<p>Trata-se de um <strong>adesivo especial<\/strong> para <strong>colar pe\u00e7as de relva artificial<\/strong> utilizando uma fita de colagem n\u00e3o adesiva.<\/p>\n<div class=\"wp-block-image\">\n<figure class=\"aligncenter size-large is-resized\"><a href=\"https:\/\/www.jardinartificial.es\/pt\/comprar\/accesorios-cesped-artificial-pt\/kit-adesivo-bicomponente-12-kgs\/\"><img decoding=\"async\" width=\"1024\" height=\"1024\" src=\"https:\/\/www.jardinartificial.es\/wp-content\/uploads\/2020\/05\/Kit-adhesivo-12kg-1024x1024.png\" alt=\"\" class=\"wp-image-31253\" style=\"width:296px;height:auto\" srcset=\"https:\/\/www.jardinartificial.es\/wp-content\/uploads\/2020\/05\/Kit-adhesivo-12kg-1024x1024.png 1024w, https:\/\/www.jardinartificial.es\/wp-content\/uploads\/2020\/05\/Kit-adhesivo-12kg-480x480.png 480w, https:\/\/www.jardinartificial.es\/wp-content\/uploads\/2020\/05\/Kit-adhesivo-12kg-600x600.png 600w, https:\/\/www.jardinartificial.es\/wp-content\/uploads\/2020\/05\/Kit-adhesivo-12kg-300x300.png 300w, https:\/\/www.jardinartificial.es\/wp-content\/uploads\/2020\/05\/Kit-adhesivo-12kg-150x150.png 150w, https:\/\/www.jardinartificial.es\/wp-content\/uploads\/2020\/05\/Kit-adhesivo-12kg-768x768.png 768w, https:\/\/www.jardinartificial.es\/wp-content\/uploads\/2020\/05\/Kit-adhesivo-12kg-100x100.png 100w, https:\/\/www.jardinartificial.es\/wp-content\/uploads\/2020\/05\/Kit-adhesivo-12kg.png 1080w\" sizes=\"(max-width: 1024px) 100vw, 1024px\" \/><\/a><\/figure>\n<\/div>\n<p>Est\u00e1 dispon\u00edvel em dois tamanhos:<\/p>\n\n<ul class=\"wp-block-list\">\n<li><a href=\"https:\/\/www.jardinartificial.es\/pt\/comprar\/accesorios-cesped-artificial-pt\/kit-adesivo-bicomponente-12-kgs\/\"><strong>Kit de adesivos bicomponentes de 12 kg<\/strong><\/a><strong> <\/strong>cobre aproximadamente <strong>30 metros lineares<\/strong>.<\/li>\n\n\n\n<li><a href=\"https:\/\/www.jardinartificial.es\/pt\/comprar\/accesorios-cesped-artificial-pt\/kit-de-adesivos-bicomponentes-6kg\/\"><strong>Kit de cola de dois componentes 6 kg<\/strong><\/a> \u00e9 suficiente para <strong>15 metros lineares<\/strong>.<\/li>\n<\/ul>\n\n<p>N\u00e3o te esque\u00e7as de calcular o comprimento total das juntas para comprares a quantidade certa.<\/p>\n\n<h3 class=\"wp-block-heading\" id=\"h-4-cinta-adhesiva-de-doble-cara-o-cinta-masilla\"><strong>4. Fita adesiva de dupla face ou fita adesiva<\/strong><\/h3>\n\n<p>Esta \u00e9 outra op\u00e7\u00e3o para <strong>fixar a relva ao per\u00edmetro<\/strong>. A fita adesiva <a href=\"https:\/\/www.jardinartificial.es\/pt\/?post_type=product&amp;p=77646\"><strong>fita adesiva de dupla face<\/strong><\/a> \u00e9 ideal para as zonas onde <strong>n\u00e3o se podem utilizar agrafos<\/strong>, como por exemplo quando \u00e9 instalada no pavimento. <\/p>\n<div class=\"wp-block-image\">\n<figure class=\"aligncenter size-large is-resized\"><a href=\"https:\/\/www.jardinartificial.es\/pt\/comprar\/accesorios-cesped-artificial-pt\/fita-adesiva-de-dupla-face-2\/\"><img loading=\"lazy\" decoding=\"async\" width=\"1014\" height=\"1024\" src=\"https:\/\/www.jardinartificial.es\/wp-content\/uploads\/2025\/05\/CINTA-ADHESIVA-DOBLE-CARA-5-1014x1024.jpg\" alt=\"FITA ADESIVA DE DUPLA FACE\" class=\"wp-image-91364\" style=\"width:321px;height:auto\" srcset=\"https:\/\/www.jardinartificial.es\/wp-content\/uploads\/2025\/05\/CINTA-ADHESIVA-DOBLE-CARA-5-1014x1024.jpg 1014w, https:\/\/www.jardinartificial.es\/wp-content\/uploads\/2025\/05\/CINTA-ADHESIVA-DOBLE-CARA-5-297x300.jpg 297w, https:\/\/www.jardinartificial.es\/wp-content\/uploads\/2025\/05\/CINTA-ADHESIVA-DOBLE-CARA-5-150x150.jpg 150w, https:\/\/www.jardinartificial.es\/wp-content\/uploads\/2025\/05\/CINTA-ADHESIVA-DOBLE-CARA-5-768x776.jpg 768w, https:\/\/www.jardinartificial.es\/wp-content\/uploads\/2025\/05\/CINTA-ADHESIVA-DOBLE-CARA-5-600x606.jpg 600w, https:\/\/www.jardinartificial.es\/wp-content\/uploads\/2025\/05\/CINTA-ADHESIVA-DOBLE-CARA-5.jpg 1200w\" sizes=\"(max-width: 1014px) 100vw, 1014px\" \/><\/a><figcaption class=\"wp-element-caption\">FITA ADESIVA DE DUPLA FACE<\/figcaption><\/figure>\n<\/div>\n<p>O seu formato \u00e9 de 5 cm de largura x 5 metros de comprimento.<\/p>\n\n<p><strong>Quantidade necess\u00e1ria<\/strong>: Calcula os <strong>metros lineares do per\u00edmetro<\/strong> e compra tantos rolos quantos os necess\u00e1rios, de acordo com o plano anterior.<\/p>\n\n<h3 class=\"wp-block-heading\" id=\"h-5-cuter\"><strong>5. Cortador<\/strong><\/h3>\n\n<p>A <strong><a href=\"https:\/\/www.jardinartificial.es\/pt\/comprar\/accesorios-cesped-artificial-pt\/cortador-profissional-2\/\">cortador<\/a><\/strong> que fa\u00e7a um corte limpo \u00e9 essencial para <strong>aparar a relva artificial<\/strong> de acordo com a forma do espa\u00e7o. Procura um de boa qualidade para facilitar o trabalho. <\/p>\n<div class=\"wp-block-image\">\n<figure class=\"aligncenter size-full is-resized\"><a href=\"https:\/\/www.jardinartificial.es\/pt\/comprar\/accesorios-cesped-artificial-pt\/cortador-profissional-2\/\"><img loading=\"lazy\" decoding=\"async\" width=\"1024\" height=\"768\" src=\"https:\/\/www.jardinartificial.es\/wp-content\/uploads\/2025\/06\/cuter-faura.png\" alt=\"\" class=\"wp-image-92553\" style=\"width:400px;height:auto\" srcset=\"https:\/\/www.jardinartificial.es\/wp-content\/uploads\/2025\/06\/cuter-faura.png 1024w, https:\/\/www.jardinartificial.es\/wp-content\/uploads\/2025\/06\/cuter-faura-300x225.png 300w, https:\/\/www.jardinartificial.es\/wp-content\/uploads\/2025\/06\/cuter-faura-768x576.png 768w, https:\/\/www.jardinartificial.es\/wp-content\/uploads\/2025\/06\/cuter-faura-600x450.png 600w\" sizes=\"(max-width: 1024px) 100vw, 1024px\" \/><\/a><\/figure>\n<\/div>\n<p><\/p>\n\n<h3 class=\"wp-block-heading\" id=\"h-6-grapas\"><strong>6. Grapas<\/strong><\/h3>\n\n<p>O teu <a href=\"https:\/\/www.jardinartificial.es\/pt\/comprar\/accesorios-cesped-artificial-pt\/fixacao-de-agrafos\/\"><strong>agrafos<\/strong><\/a> s\u00e3o utilizados para <strong>fixar a relva artificial ao solo<\/strong>, para que esta n\u00e3o se desloque nem se levante quando instalada no solo.<\/p>\n<div class=\"wp-block-image\">\n<figure class=\"aligncenter size-large is-resized\"><a href=\"https:\/\/www.jardinartificial.es\/pt\/comprar\/accesorios-cesped-artificial-pt\/fixacao-de-agrafos\/\"><img loading=\"lazy\" decoding=\"async\" width=\"762\" height=\"1024\" src=\"https:\/\/www.jardinartificial.es\/wp-content\/uploads\/2021\/03\/Grapas-762x1024.png\" alt=\"grampos para relva artificial\" class=\"wp-image-26068\" style=\"width:216px;height:auto\" srcset=\"https:\/\/www.jardinartificial.es\/wp-content\/uploads\/2021\/03\/Grapas-762x1024.png 762w, https:\/\/www.jardinartificial.es\/wp-content\/uploads\/2021\/03\/Grapas-600x806.png 600w, https:\/\/www.jardinartificial.es\/wp-content\/uploads\/2021\/03\/Grapas-223x300.png 223w, https:\/\/www.jardinartificial.es\/wp-content\/uploads\/2021\/03\/Grapas-768x1032.png 768w, https:\/\/www.jardinartificial.es\/wp-content\/uploads\/2021\/03\/Grapas.png 1046w\" sizes=\"(max-width: 762px) 100vw, 762px\" \/><\/a><\/figure>\n<\/div>\n<p><strong>Quantidade recomendada<\/strong>:<\/p>\n\n<ul class=\"wp-block-list\">\n<li>Coloca <strong>um agrafo a cada metro<\/strong> \u00e0 volta do per\u00edmetro total.<\/li>\n\n\n\n<li>Em zonas de muito tr\u00e1fego (como entradas ou sa\u00eddas), coloca <strong>um a cada meio metro<\/strong> para uma melhor fixa\u00e7\u00e3o, evitando que seja levantado.<\/li>\n<\/ul>\n\n<h3 class=\"wp-block-heading\" id=\"h-7-kit-de-limpieza\"><strong>7. kit de limpeza<\/strong><\/h3>\n\n<p>Um relvado limpo n\u00e3o s\u00f3 tem melhor aspeto, como tamb\u00e9m <strong>dura mais tempo<\/strong>. O kit inclui: <\/p>\n\n<ul class=\"wp-block-list\">\n<li><a href=\"https:\/\/jardinartificial.es\/comprar\/accesorios-cesped-artificial\/higienizante-clean-static-1-l\/\"><strong>Desinfetante<\/strong><\/a> para desinfetar. Tem-no dispon\u00edvel em formato 0,5L e 1L. <\/li>\n<\/ul>\n<div class=\"wp-block-image\">\n<figure class=\"aligncenter size-large is-resized\"><a href=\"https:\/\/www.jardinartificial.es\/pt\/comprar\/accesorios-cesped-artificial-pt\/desinfetante-clean-static-1-l\/\"><img loading=\"lazy\" decoding=\"async\" width=\"1024\" height=\"1024\" src=\"https:\/\/www.jardinartificial.es\/wp-content\/uploads\/2023\/09\/LIMPIADOR_1L-1024x1024.jpg\" alt=\"limpador de relva artificial\" class=\"wp-image-56483\" style=\"width:230px;height:auto\" srcset=\"https:\/\/www.jardinartificial.es\/wp-content\/uploads\/2023\/09\/LIMPIADOR_1L-1024x1024.jpg 1024w, https:\/\/www.jardinartificial.es\/wp-content\/uploads\/2023\/09\/LIMPIADOR_1L-480x480.jpg 480w, https:\/\/www.jardinartificial.es\/wp-content\/uploads\/2023\/09\/LIMPIADOR_1L-600x600.jpg 600w, https:\/\/www.jardinartificial.es\/wp-content\/uploads\/2023\/09\/LIMPIADOR_1L-300x300.jpg 300w, https:\/\/www.jardinartificial.es\/wp-content\/uploads\/2023\/09\/LIMPIADOR_1L-150x150.jpg 150w, https:\/\/www.jardinartificial.es\/wp-content\/uploads\/2023\/09\/LIMPIADOR_1L-768x768.jpg 768w, https:\/\/www.jardinartificial.es\/wp-content\/uploads\/2023\/09\/LIMPIADOR_1L-1536x1536.jpg 1536w, https:\/\/www.jardinartificial.es\/wp-content\/uploads\/2023\/09\/LIMPIADOR_1L-32x32.jpg 32w, https:\/\/www.jardinartificial.es\/wp-content\/uploads\/2023\/09\/LIMPIADOR_1L.jpg 1920w\" sizes=\"(max-width: 1024px) 100vw, 1024px\" \/><\/a><\/figure>\n<\/div>\n<p><\/p>\n\n<ul class=\"wp-block-list\">\n<li><a href=\"https:\/\/www.jardinartificial.es\/pt\/comprar\/accesorios-cesped-artificial-pt\/escova-de-pentear-relva-30mm\/\"><strong>Escova para pentear as fibras<\/strong><\/a> e mant\u00e9m o cabelo liso e natural.<\/li>\n<\/ul>\n<div class=\"wp-block-image\">\n<figure class=\"aligncenter size-large is-resized\"><a href=\"https:\/\/www.jardinartificial.es\/pt\/comprar\/accesorios-cesped-artificial-pt\/escova-de-pentear-relva-30mm\/\"><img loading=\"lazy\" decoding=\"async\" width=\"792\" height=\"1024\" src=\"https:\/\/www.jardinartificial.es\/wp-content\/uploads\/2023\/09\/CEPILLO-DESMONTADO_WEB-792x1024.avif\" alt=\"\" class=\"wp-image-92467\" style=\"width:266px;height:auto\" srcset=\"https:\/\/www.jardinartificial.es\/wp-content\/uploads\/2023\/09\/CEPILLO-DESMONTADO_WEB-792x1024.avif 792w, https:\/\/www.jardinartificial.es\/wp-content\/uploads\/2023\/09\/CEPILLO-DESMONTADO_WEB-232x300.avif 232w, https:\/\/www.jardinartificial.es\/wp-content\/uploads\/2023\/09\/CEPILLO-DESMONTADO_WEB-768x993.avif 768w, https:\/\/www.jardinartificial.es\/wp-content\/uploads\/2023\/09\/CEPILLO-DESMONTADO_WEB-600x776.avif 600w, https:\/\/www.jardinartificial.es\/wp-content\/uploads\/2023\/09\/CEPILLO-DESMONTADO_WEB.avif 1100w\" sizes=\"(max-width: 792px) 100vw, 792px\" \/><\/a><\/figure>\n<\/div>\n<p>Com estes acess\u00f3rios, a tua <strong>instala\u00e7\u00e3o<\/strong> ser\u00e1 <strong>muito mais f\u00e1cil<\/strong> e a manuten\u00e7\u00e3o ser\u00e1 muito melhor, por isso prepara-te para te tornares um <strong>especialista em relva artificial<\/strong>! Em <a href=\"https:\/\/www.jardinartificial.es\/pt\/\"><strong>JardinArtificial.es<\/strong><\/a> <strong> <\/strong>encontrar\u00e1s todos os <strong>acess\u00f3rios<\/strong> e <strong>modelos de relva artificial<\/strong> que possas necessitar e, em caso de necessidade, os nossos comerciais responder\u00e3o \u00e0s tuas perguntas atrav\u00e9s do chat.<\/p>\n\n<p><\/p>\n","protected":false},"excerpt":{"rendered":"<p>A instala\u00e7\u00e3o de relva artificial em tua casa \u00e9 uma excelente forma de desfrutares de um espa\u00e7o verde durante todo o ano sem complica\u00e7\u00f5es. No entanto, para uma instala\u00e7\u00e3o bem sucedida e duradoura, bem como para uma manuten\u00e7\u00e3o correta, \u00e9 essencial dispor dos acess\u00f3rios necess\u00e1rios. Neste artigo, dizemos-te o que s\u00e3o, para que servem e &#8230; <a title=\"Acess\u00f3rios essenciais para a instala\u00e7\u00e3o e manuten\u00e7\u00e3o da relva artificial\" class=\"read-more\" href=\"https:\/\/www.jardinartificial.es\/pt\/acessorios-essenciais-para-a-instalacao-e-manutencao-da-relva-artificial\/\" aria-label=\"Leia mais sobre Acess\u00f3rios essenciais para a instala\u00e7\u00e3o e manuten\u00e7\u00e3o da relva artificial\">Ler mais<\/a><\/p>\n","protected":false},"author":2535,"featured_media":88210,"comment_status":"open","ping_status":"open","sticky":false,"template":"","format":"standard","meta":{"_acf_changed":false,"footnotes":""},"categories":[732,733],"tags":[],"class_list":["post-88214","post","type-post","status-publish","format-standard","has-post-thumbnail","hentry","category-blog-pt","category-bricolaje-pt"],"acf":[],"yoast_head":"<!-- This site is optimized with the Yoast SEO Premium plugin v27.4 (Yoast SEO v27.4) - https:\/\/yoast.com\/product\/yoast-seo-premium-wordpress\/ -->\n<title>Acess\u00f3rios essenciais para relvados artificiais<\/title>\n<meta name=\"description\" content=\"Acess\u00f3rios essenciais para a instala\u00e7\u00e3o e manuten\u00e7\u00e3o da relva artificial: o que s\u00e3o, para que servem e de que quantidade precisas.\" \/>\n<meta name=\"robots\" content=\"index, follow, max-snippet:-1, max-image-preview:large, max-video-preview:-1\" \/>\n<link rel=\"canonical\" href=\"https:\/\/www.jardinartificial.es\/pt\/acessorios-essenciais-para-a-instalacao-e-manutencao-da-relva-artificial\/\" \/>\n<meta property=\"og:locale\" content=\"pt_PT\" \/>\n<meta property=\"og:type\" content=\"article\" \/>\n<meta property=\"og:title\" content=\"Acess\u00f3rios essenciais para a instala\u00e7\u00e3o e manuten\u00e7\u00e3o da relva artificial\" \/>\n<meta property=\"og:description\" content=\"Acess\u00f3rios essenciais para a instala\u00e7\u00e3o e manuten\u00e7\u00e3o da relva artificial: o que s\u00e3o, para que servem e de que quantidade precisas.\" \/>\n<meta property=\"og:url\" content=\"https:\/\/www.jardinartificial.es\/pt\/acessorios-essenciais-para-a-instalacao-e-manutencao-da-relva-artificial\/\" \/>\n<meta property=\"og:site_name\" content=\"Jardin Artificial\" \/>\n<meta property=\"article:published_time\" content=\"2024-12-02T13:47:49+00:00\" \/>\n<meta property=\"article:modified_time\" content=\"2025-12-15T10:42:17+00:00\" \/>\n<meta property=\"og:image\" content=\"https:\/\/www.jardinartificial.es\/wp-content\/uploads\/2025\/02\/accesorios-imprescindibles-cesped-artficial.jpg\" \/>\n\t<meta property=\"og:image:width\" content=\"1024\" \/>\n\t<meta property=\"og:image:height\" content=\"804\" \/>\n\t<meta property=\"og:image:type\" content=\"image\/jpeg\" \/>\n<meta name=\"author\" content=\"Starenlared\" \/>\n<meta name=\"twitter:card\" content=\"summary_large_image\" \/>\n<meta name=\"twitter:label1\" content=\"Escrito por\" \/>\n\t<meta name=\"twitter:data1\" content=\"Starenlared\" \/>\n\t<meta name=\"twitter:label2\" content=\"Tempo estimado de leitura\" \/>\n\t<meta name=\"twitter:data2\" content=\"4 minutos\" \/>\n<script type=\"application\/ld+json\" class=\"yoast-schema-graph\">{\"@context\":\"https:\\\/\\\/schema.org\",\"@graph\":[{\"@type\":[\"Article\",\"BlogPosting\"],\"@id\":\"https:\\\/\\\/www.jardinartificial.es\\\/pt\\\/acessorios-essenciais-para-a-instalacao-e-manutencao-da-relva-artificial\\\/#article\",\"isPartOf\":{\"@id\":\"https:\\\/\\\/www.jardinartificial.es\\\/pt\\\/acessorios-essenciais-para-a-instalacao-e-manutencao-da-relva-artificial\\\/\"},\"author\":{\"name\":\"Starenlared\",\"@id\":\"https:\\\/\\\/www.jardinartificial.es\\\/pt\\\/#\\\/schema\\\/person\\\/349992c1cf0a59076eb53a0a55f984aa\"},\"headline\":\"Acess\u00f3rios essenciais para a instala\u00e7\u00e3o e manuten\u00e7\u00e3o da relva artificial\",\"datePublished\":\"2024-12-02T13:47:49+00:00\",\"dateModified\":\"2025-12-15T10:42:17+00:00\",\"mainEntityOfPage\":{\"@id\":\"https:\\\/\\\/www.jardinartificial.es\\\/pt\\\/acessorios-essenciais-para-a-instalacao-e-manutencao-da-relva-artificial\\\/\"},\"wordCount\":726,\"commentCount\":0,\"publisher\":{\"@id\":\"https:\\\/\\\/www.jardinartificial.es\\\/pt\\\/#organization\"},\"image\":{\"@id\":\"https:\\\/\\\/www.jardinartificial.es\\\/pt\\\/acessorios-essenciais-para-a-instalacao-e-manutencao-da-relva-artificial\\\/#primaryimage\"},\"thumbnailUrl\":\"https:\\\/\\\/www.jardinartificial.es\\\/wp-content\\\/uploads\\\/2025\\\/02\\\/accesorios-imprescindibles-cesped-artficial.jpg\",\"articleSection\":[\"Blog\",\"Bricolaje\"],\"inLanguage\":\"pt-PT\",\"potentialAction\":[{\"@type\":\"CommentAction\",\"name\":\"Comment\",\"target\":[\"https:\\\/\\\/www.jardinartificial.es\\\/pt\\\/acessorios-essenciais-para-a-instalacao-e-manutencao-da-relva-artificial\\\/#respond\"]}]},{\"@type\":[\"WebPage\",\"ItemPage\"],\"@id\":\"https:\\\/\\\/www.jardinartificial.es\\\/pt\\\/acessorios-essenciais-para-a-instalacao-e-manutencao-da-relva-artificial\\\/\",\"url\":\"https:\\\/\\\/www.jardinartificial.es\\\/pt\\\/acessorios-essenciais-para-a-instalacao-e-manutencao-da-relva-artificial\\\/\",\"name\":\"Acess\u00f3rios essenciais para relvados artificiais\",\"isPartOf\":{\"@id\":\"https:\\\/\\\/www.jardinartificial.es\\\/pt\\\/#website\"},\"primaryImageOfPage\":{\"@id\":\"https:\\\/\\\/www.jardinartificial.es\\\/pt\\\/acessorios-essenciais-para-a-instalacao-e-manutencao-da-relva-artificial\\\/#primaryimage\"},\"image\":{\"@id\":\"https:\\\/\\\/www.jardinartificial.es\\\/pt\\\/acessorios-essenciais-para-a-instalacao-e-manutencao-da-relva-artificial\\\/#primaryimage\"},\"thumbnailUrl\":\"https:\\\/\\\/www.jardinartificial.es\\\/wp-content\\\/uploads\\\/2025\\\/02\\\/accesorios-imprescindibles-cesped-artficial.jpg\",\"datePublished\":\"2024-12-02T13:47:49+00:00\",\"dateModified\":\"2025-12-15T10:42:17+00:00\",\"description\":\"Acess\u00f3rios essenciais para a instala\u00e7\u00e3o e manuten\u00e7\u00e3o da relva artificial: o que s\u00e3o, para que servem e de que quantidade precisas.\",\"breadcrumb\":{\"@id\":\"https:\\\/\\\/www.jardinartificial.es\\\/pt\\\/acessorios-essenciais-para-a-instalacao-e-manutencao-da-relva-artificial\\\/#breadcrumb\"},\"inLanguage\":\"pt-PT\",\"potentialAction\":[{\"@type\":\"ReadAction\",\"target\":[\"https:\\\/\\\/www.jardinartificial.es\\\/pt\\\/acessorios-essenciais-para-a-instalacao-e-manutencao-da-relva-artificial\\\/\"]}]},{\"@type\":\"ImageObject\",\"inLanguage\":\"pt-PT\",\"@id\":\"https:\\\/\\\/www.jardinartificial.es\\\/pt\\\/acessorios-essenciais-para-a-instalacao-e-manutencao-da-relva-artificial\\\/#primaryimage\",\"url\":\"https:\\\/\\\/www.jardinartificial.es\\\/wp-content\\\/uploads\\\/2025\\\/02\\\/accesorios-imprescindibles-cesped-artficial.jpg\",\"contentUrl\":\"https:\\\/\\\/www.jardinartificial.es\\\/wp-content\\\/uploads\\\/2025\\\/02\\\/accesorios-imprescindibles-cesped-artficial.jpg\",\"width\":1024,\"height\":804,\"caption\":\"accesorios imprescindibles c\u00e9sped artificial\"},{\"@type\":\"BreadcrumbList\",\"@id\":\"https:\\\/\\\/www.jardinartificial.es\\\/pt\\\/acessorios-essenciais-para-a-instalacao-e-manutencao-da-relva-artificial\\\/#breadcrumb\",\"itemListElement\":[{\"@type\":\"ListItem\",\"position\":1,\"name\":\"Portada\",\"item\":\"https:\\\/\\\/www.jardinartificial.es\\\/pt\\\/\"},{\"@type\":\"ListItem\",\"position\":2,\"name\":\"Acess\u00f3rios essenciais para a instala\u00e7\u00e3o e manuten\u00e7\u00e3o da relva artificial\"}]},{\"@type\":\"WebSite\",\"@id\":\"https:\\\/\\\/www.jardinartificial.es\\\/pt\\\/#website\",\"url\":\"https:\\\/\\\/www.jardinartificial.es\\\/pt\\\/\",\"name\":\"Jard\u00edn Artificial - Venta de C\u00e9sped Artficial\",\"description\":\"C\u00e9sped Artificial barato al corte\",\"publisher\":{\"@id\":\"https:\\\/\\\/www.jardinartificial.es\\\/pt\\\/#organization\"},\"potentialAction\":[{\"@type\":\"SearchAction\",\"target\":{\"@type\":\"EntryPoint\",\"urlTemplate\":\"https:\\\/\\\/www.jardinartificial.es\\\/pt\\\/?s={search_term_string}\"},\"query-input\":{\"@type\":\"PropertyValueSpecification\",\"valueRequired\":true,\"valueName\":\"search_term_string\"}}],\"inLanguage\":\"pt-PT\"},{\"@type\":\"Organization\",\"@id\":\"https:\\\/\\\/www.jardinartificial.es\\\/pt\\\/#organization\",\"name\":\"Jard\u00edn Artificial\",\"url\":\"https:\\\/\\\/www.jardinartificial.es\\\/pt\\\/\",\"logo\":{\"@type\":\"ImageObject\",\"inLanguage\":\"pt-PT\",\"@id\":\"https:\\\/\\\/www.jardinartificial.es\\\/pt\\\/#\\\/schema\\\/logo\\\/image\\\/\",\"url\":\"https:\\\/\\\/www.jardinartificial.es\\\/wp-content\\\/uploads\\\/2023\\\/03\\\/logotipo.svg\",\"contentUrl\":\"https:\\\/\\\/www.jardinartificial.es\\\/wp-content\\\/uploads\\\/2023\\\/03\\\/logotipo.svg\",\"width\":187,\"height\":53,\"caption\":\"Jard\u00edn Artificial\"},\"image\":{\"@id\":\"https:\\\/\\\/www.jardinartificial.es\\\/pt\\\/#\\\/schema\\\/logo\\\/image\\\/\"}},{\"@type\":\"Person\",\"@id\":\"https:\\\/\\\/www.jardinartificial.es\\\/pt\\\/#\\\/schema\\\/person\\\/349992c1cf0a59076eb53a0a55f984aa\",\"name\":\"Starenlared\",\"image\":{\"@type\":\"ImageObject\",\"inLanguage\":\"pt-PT\",\"@id\":\"https:\\\/\\\/secure.gravatar.com\\\/avatar\\\/3b4ab7f22c1235d170addf4acbf3093bcf538f00e3e15ecc23afacf8e0f1dd93?s=96&d=mm&r=g\",\"url\":\"https:\\\/\\\/secure.gravatar.com\\\/avatar\\\/3b4ab7f22c1235d170addf4acbf3093bcf538f00e3e15ecc23afacf8e0f1dd93?s=96&d=mm&r=g\",\"contentUrl\":\"https:\\\/\\\/secure.gravatar.com\\\/avatar\\\/3b4ab7f22c1235d170addf4acbf3093bcf538f00e3e15ecc23afacf8e0f1dd93?s=96&d=mm&r=g\",\"caption\":\"Starenlared\"},\"url\":\"https:\\\/\\\/www.jardinartificial.es\\\/pt\\\/author\\\/starenlared\\\/\"}]}<\/script>\n<!-- \/ Yoast SEO Premium plugin. -->","yoast_head_json":{"title":"Acess\u00f3rios essenciais para relvados artificiais","description":"Acess\u00f3rios essenciais para a instala\u00e7\u00e3o e manuten\u00e7\u00e3o da relva artificial: o que s\u00e3o, para que servem e de que quantidade precisas.","robots":{"index":"index","follow":"follow","max-snippet":"max-snippet:-1","max-image-preview":"max-image-preview:large","max-video-preview":"max-video-preview:-1"},"canonical":"https:\/\/www.jardinartificial.es\/pt\/acessorios-essenciais-para-a-instalacao-e-manutencao-da-relva-artificial\/","og_locale":"pt_PT","og_type":"article","og_title":"Acess\u00f3rios essenciais para a instala\u00e7\u00e3o e manuten\u00e7\u00e3o da relva artificial","og_description":"Acess\u00f3rios essenciais para a instala\u00e7\u00e3o e manuten\u00e7\u00e3o da relva artificial: o que s\u00e3o, para que servem e de que quantidade precisas.","og_url":"https:\/\/www.jardinartificial.es\/pt\/acessorios-essenciais-para-a-instalacao-e-manutencao-da-relva-artificial\/","og_site_name":"Jardin Artificial","article_published_time":"2024-12-02T13:47:49+00:00","article_modified_time":"2025-12-15T10:42:17+00:00","og_image":[{"width":1024,"height":804,"url":"https:\/\/www.jardinartificial.es\/wp-content\/uploads\/2025\/02\/accesorios-imprescindibles-cesped-artficial.jpg","type":"image\/jpeg"}],"author":"Starenlared","twitter_card":"summary_large_image","twitter_misc":{"Escrito por":"Starenlared","Tempo estimado de leitura":"4 minutos"},"schema":{"@context":"https:\/\/schema.org","@graph":[{"@type":["Article","BlogPosting"],"@id":"https:\/\/www.jardinartificial.es\/pt\/acessorios-essenciais-para-a-instalacao-e-manutencao-da-relva-artificial\/#article","isPartOf":{"@id":"https:\/\/www.jardinartificial.es\/pt\/acessorios-essenciais-para-a-instalacao-e-manutencao-da-relva-artificial\/"},"author":{"name":"Starenlared","@id":"https:\/\/www.jardinartificial.es\/pt\/#\/schema\/person\/349992c1cf0a59076eb53a0a55f984aa"},"headline":"Acess\u00f3rios essenciais para a instala\u00e7\u00e3o e manuten\u00e7\u00e3o da relva artificial","datePublished":"2024-12-02T13:47:49+00:00","dateModified":"2025-12-15T10:42:17+00:00","mainEntityOfPage":{"@id":"https:\/\/www.jardinartificial.es\/pt\/acessorios-essenciais-para-a-instalacao-e-manutencao-da-relva-artificial\/"},"wordCount":726,"commentCount":0,"publisher":{"@id":"https:\/\/www.jardinartificial.es\/pt\/#organization"},"image":{"@id":"https:\/\/www.jardinartificial.es\/pt\/acessorios-essenciais-para-a-instalacao-e-manutencao-da-relva-artificial\/#primaryimage"},"thumbnailUrl":"https:\/\/www.jardinartificial.es\/wp-content\/uploads\/2025\/02\/accesorios-imprescindibles-cesped-artficial.jpg","articleSection":["Blog","Bricolaje"],"inLanguage":"pt-PT","potentialAction":[{"@type":"CommentAction","name":"Comment","target":["https:\/\/www.jardinartificial.es\/pt\/acessorios-essenciais-para-a-instalacao-e-manutencao-da-relva-artificial\/#respond"]}]},{"@type":["WebPage","ItemPage"],"@id":"https:\/\/www.jardinartificial.es\/pt\/acessorios-essenciais-para-a-instalacao-e-manutencao-da-relva-artificial\/","url":"https:\/\/www.jardinartificial.es\/pt\/acessorios-essenciais-para-a-instalacao-e-manutencao-da-relva-artificial\/","name":"Acess\u00f3rios essenciais para relvados artificiais","isPartOf":{"@id":"https:\/\/www.jardinartificial.es\/pt\/#website"},"primaryImageOfPage":{"@id":"https:\/\/www.jardinartificial.es\/pt\/acessorios-essenciais-para-a-instalacao-e-manutencao-da-relva-artificial\/#primaryimage"},"image":{"@id":"https:\/\/www.jardinartificial.es\/pt\/acessorios-essenciais-para-a-instalacao-e-manutencao-da-relva-artificial\/#primaryimage"},"thumbnailUrl":"https:\/\/www.jardinartificial.es\/wp-content\/uploads\/2025\/02\/accesorios-imprescindibles-cesped-artficial.jpg","datePublished":"2024-12-02T13:47:49+00:00","dateModified":"2025-12-15T10:42:17+00:00","description":"Acess\u00f3rios essenciais para a instala\u00e7\u00e3o e manuten\u00e7\u00e3o da relva artificial: o que s\u00e3o, para que servem e de que quantidade precisas.","breadcrumb":{"@id":"https:\/\/www.jardinartificial.es\/pt\/acessorios-essenciais-para-a-instalacao-e-manutencao-da-relva-artificial\/#breadcrumb"},"inLanguage":"pt-PT","potentialAction":[{"@type":"ReadAction","target":["https:\/\/www.jardinartificial.es\/pt\/acessorios-essenciais-para-a-instalacao-e-manutencao-da-relva-artificial\/"]}]},{"@type":"ImageObject","inLanguage":"pt-PT","@id":"https:\/\/www.jardinartificial.es\/pt\/acessorios-essenciais-para-a-instalacao-e-manutencao-da-relva-artificial\/#primaryimage","url":"https:\/\/www.jardinartificial.es\/wp-content\/uploads\/2025\/02\/accesorios-imprescindibles-cesped-artficial.jpg","contentUrl":"https:\/\/www.jardinartificial.es\/wp-content\/uploads\/2025\/02\/accesorios-imprescindibles-cesped-artficial.jpg","width":1024,"height":804,"caption":"accesorios imprescindibles c\u00e9sped artificial"},{"@type":"BreadcrumbList","@id":"https:\/\/www.jardinartificial.es\/pt\/acessorios-essenciais-para-a-instalacao-e-manutencao-da-relva-artificial\/#breadcrumb","itemListElement":[{"@type":"ListItem","position":1,"name":"Portada","item":"https:\/\/www.jardinartificial.es\/pt\/"},{"@type":"ListItem","position":2,"name":"Acess\u00f3rios essenciais para a instala\u00e7\u00e3o e manuten\u00e7\u00e3o da relva artificial"}]},{"@type":"WebSite","@id":"https:\/\/www.jardinartificial.es\/pt\/#website","url":"https:\/\/www.jardinartificial.es\/pt\/","name":"Jard\u00edn Artificial - Venta de C\u00e9sped Artficial","description":"C\u00e9sped Artificial barato al corte","publisher":{"@id":"https:\/\/www.jardinartificial.es\/pt\/#organization"},"potentialAction":[{"@type":"SearchAction","target":{"@type":"EntryPoint","urlTemplate":"https:\/\/www.jardinartificial.es\/pt\/?s={search_term_string}"},"query-input":{"@type":"PropertyValueSpecification","valueRequired":true,"valueName":"search_term_string"}}],"inLanguage":"pt-PT"},{"@type":"Organization","@id":"https:\/\/www.jardinartificial.es\/pt\/#organization","name":"Jard\u00edn Artificial","url":"https:\/\/www.jardinartificial.es\/pt\/","logo":{"@type":"ImageObject","inLanguage":"pt-PT","@id":"https:\/\/www.jardinartificial.es\/pt\/#\/schema\/logo\/image\/","url":"https:\/\/www.jardinartificial.es\/wp-content\/uploads\/2023\/03\/logotipo.svg","contentUrl":"https:\/\/www.jardinartificial.es\/wp-content\/uploads\/2023\/03\/logotipo.svg","width":187,"height":53,"caption":"Jard\u00edn Artificial"},"image":{"@id":"https:\/\/www.jardinartificial.es\/pt\/#\/schema\/logo\/image\/"}},{"@type":"Person","@id":"https:\/\/www.jardinartificial.es\/pt\/#\/schema\/person\/349992c1cf0a59076eb53a0a55f984aa","name":"Starenlared","image":{"@type":"ImageObject","inLanguage":"pt-PT","@id":"https:\/\/secure.gravatar.com\/avatar\/3b4ab7f22c1235d170addf4acbf3093bcf538f00e3e15ecc23afacf8e0f1dd93?s=96&d=mm&r=g","url":"https:\/\/secure.gravatar.com\/avatar\/3b4ab7f22c1235d170addf4acbf3093bcf538f00e3e15ecc23afacf8e0f1dd93?s=96&d=mm&r=g","contentUrl":"https:\/\/secure.gravatar.com\/avatar\/3b4ab7f22c1235d170addf4acbf3093bcf538f00e3e15ecc23afacf8e0f1dd93?s=96&d=mm&r=g","caption":"Starenlared"},"url":"https:\/\/www.jardinartificial.es\/pt\/author\/starenlared\/"}]}},"_links":{"self":[{"href":"https:\/\/www.jardinartificial.es\/pt\/wp-json\/wp\/v2\/posts\/88214","targetHints":{"allow":["GET"]}}],"collection":[{"href":"https:\/\/www.jardinartificial.es\/pt\/wp-json\/wp\/v2\/posts"}],"about":[{"href":"https:\/\/www.jardinartificial.es\/pt\/wp-json\/wp\/v2\/types\/post"}],"author":[{"embeddable":true,"href":"https:\/\/www.jardinartificial.es\/pt\/wp-json\/wp\/v2\/users\/2535"}],"replies":[{"embeddable":true,"href":"https:\/\/www.jardinartificial.es\/pt\/wp-json\/wp\/v2\/comments?post=88214"}],"version-history":[{"count":0,"href":"https:\/\/www.jardinartificial.es\/pt\/wp-json\/wp\/v2\/posts\/88214\/revisions"}],"wp:featuredmedia":[{"embeddable":true,"href":"https:\/\/www.jardinartificial.es\/pt\/wp-json\/wp\/v2\/media\/88210"}],"wp:attachment":[{"href":"https:\/\/www.jardinartificial.es\/pt\/wp-json\/wp\/v2\/media?parent=88214"}],"wp:term":[{"taxonomy":"category","embeddable":true,"href":"https:\/\/www.jardinartificial.es\/pt\/wp-json\/wp\/v2\/categories?post=88214"},{"taxonomy":"post_tag","embeddable":true,"href":"https:\/\/www.jardinartificial.es\/pt\/wp-json\/wp\/v2\/tags?post=88214"}],"curies":[{"name":"wp","href":"https:\/\/api.w.org\/{rel}","templated":true}]}}