{"id":81976,"date":"2024-06-27T12:36:34","date_gmt":"2024-06-27T10:36:34","guid":{"rendered":"https:\/\/www.jardinartificial.es\/paula-silvagni-transforma-seu-jardim-com-grama-artificial-da-jardinartificial-es-explicamos-como-ela-fez-isso\/"},"modified":"2024-07-07T09:09:36","modified_gmt":"2024-07-07T07:09:36","slug":"paula-silvagni-transforma-seu-jardim-com-grama-artificial-da-jardinartificial-es-explicamos-como-ela-fez-isso","status":"publish","type":"post","link":"https:\/\/www.jardinartificial.es\/pt\/paula-silvagni-transforma-seu-jardim-com-grama-artificial-da-jardinartificial-es-explicamos-como-ela-fez-isso\/","title":{"rendered":"Paula Silvagni transforma seu jardim com grama artificial da JardinArtificial.es: explicamos como ela fez isso."},"content":{"rendered":"\n<p><strong>Paula Silvagni<\/strong>, decoradora de espa\u00e7os, procurou nossa loja on-line em busca de uma <strong>solu\u00e7\u00e3o esteticamente agrad\u00e1vel e<\/strong> <strong>funcional<\/strong> para seu <strong>jardim<\/strong>. Ela queria reformar toda a casa, especialmente a \u00e1rea externa, onde o antigo gramado artificial havia se deteriorado com o passar dos anos e estava danificado&#8230;. Como ela mesma diz sobre o resultado: <strong>&#8220;<em>\u00c9, sem d\u00favida, uma das mudan\u00e7as mais bonitas que fiz em minha casa<\/em>&#8220;<\/strong>.<\/p>\n\n<p><a href=\"https:\/\/www.instagram.com\/paula_silvagni_interiors?igsh=emlsYzRuNmcyYmwy\" target=\"_blank\" rel=\"noreferrer noopener\">\n  <strong>Paula Silvagni<\/strong>\n<\/a> \u00e9 uma <strong>decoradora experiente<\/strong> que precisava de uma <strong>solu\u00e7\u00e3o<\/strong> para toda a <strong>\u00e1rea externa de sua casa<\/strong>. Al\u00e9m de <strong>renovar o gramado<\/strong>, que havia perdido a cor, havia uma rachadura em uma das paredes com vista para o jardim, como resultado de uma obra feita por alguns vizinhos, e eu estava tentando escond\u00ea-la. Essas rachaduras eram incrivelmente desagrad\u00e1veis e manchavam todo o exterior da casa.<\/p>\n\n<p>Por todos esses motivos, ele entrou em contato com nossa <strong>loja on-line <\/strong>e nossa equipe de <a href=\"https:\/\/www.jardinartificial.es\/pt\/\">\n  <strong>Jardim Artificial<\/strong>\n<\/a> para pedir conselhos sobre o <strong>modelo de grama artificial <\/strong>que melhor se adapte ao seu espa\u00e7o e \u00e0s suas necessidades, bem como sobre as diferentes op\u00e7\u00f5es de <strong>jardins artificiais verticais <\/strong>que temos para revestir a parede danificada e dar uma <strong>mudan\u00e7a radical ao seu jardim<\/strong>.<\/p>\n\n<h2 class=\"wp-block-heading\" id=\"h-la-experiencia-de-paula-silvagni-con-jardinartificial-es\"><strong>Paula Silvagni&#8217;s experience with Jard\u00ednartificial.es<\/strong><\/h2>\n\n<p>A Paula entrou em nosso site e, depois de conhecer todos os nossos modelos de grama artificial, voc\u00ea pode se interessar por eles. <a href=\"https:\/\/www.jardinartificial.es\/cesped-artificial\/\">\n  <strong>grama artificial<\/strong>\n<\/a>suas caracter\u00edsticas, ver as fotos e v\u00eddeos e usar nosso comparador, ela pediu v\u00e1rias <a href=\"https:\/\/www.jardinartificial.es\/pt\/pede-a-tua-amostra\/\">\n  <strong>amostras de grama artificial<\/strong>\n<\/a> para, pessoalmente, verificar a <strong>recupera\u00e7\u00e3o da pegada<\/strong>, a <strong>maciez <\/strong>e o<strong> conforto<\/strong>, caracter\u00edsticas muito importantes para ela.  <\/p>\n\n<p>Ele consultou a nossa equipe de <strong>Jardins Artificiais<\/strong> para saber qual era o melhor para o <strong>uso pretendido<\/strong>, j\u00e1 que ele tem <strong>crian\u00e7as<\/strong> correndo no local e<strong> uma piscina<\/strong>, portanto, ela deve drenar adequadamente e ser resistente ao cloro e aos raios UV.  <\/p>\n\n<p>Com tudo isso, finalmente, ele decidiu <strong>comprar <\/strong>o modelo de <a href=\"https:\/\/www.jardinartificial.es\/pt\/comprar\/cesped-artificial-pt\/decorativo-pt-3\/relva-artificial-cadiz-40mm\/\">\n  <strong>Grama Artificial Cadiz 40mm<\/strong>\n<\/a>. Para<strong> calcular corretamente os metros necess\u00e1rios<\/strong> para cobrir todas as \u00e1reas, ele nos forneceu as medidas do per\u00edmetro do jardim, e nossos consultores <strong>projetaram os planos <\/strong>e a melhor <strong>disposi\u00e7\u00e3o da grama artificial <\/strong>para fazer o menor n\u00famero de cortes e, portanto, ter <strong>menos desperd\u00edcio<\/strong> ou perda.<\/p>\n\n<p>Ent\u00e3o, voc\u00ea fez seu pedido por meio de nossa loja on-line e <strong>recebeu a grama artificial <\/strong>de que precisava, juntamente com todos os acess\u00f3rios necess\u00e1rios. <a href=\"https:\/\/www.jardinartificial.es\/accesorios-cesped-artificial\/\">\n  <strong>acess\u00f3rios<\/strong>\n<\/a> Voc\u00ea pode usar os acess\u00f3rios necess\u00e1rios para a <strong>instala\u00e7\u00e3o correta<\/strong>.  <\/p>\n\n<p>Paula come\u00e7ou com uma nova \u00e1rea do jardim, onde o gramado foi colocado <strong>no concreto<\/strong>, ent\u00e3o ela <strong>mesma<\/strong> colocou o modelo <strong>Cadiz 40 mm<\/strong> e fez isso&#8230; em apenas uma manh\u00e3!<\/p>\n\n<p>No entanto, a parte maior do jardim, onde est\u00e3o localizados a piscina e o gazebo, era diferente. O <strong>gramado artificial <\/strong>j\u00e1 estava <strong>instalado <\/strong>sobre o solo, que precisou ser<strong> removido<\/strong> e, depois de removido, o <strong>solo precisou ser nivelado<\/strong> com <strong>areia<\/strong> para que o novo gramado pudesse ser instalado. No entanto, <strong>muitos cortes<\/strong> tiveram que ser <strong>feitos<\/strong>.  <\/p>\n\n<p>Foi um desafio para ela, ent\u00e3o, mais uma vez, pediu nossa ajuda.<strong> <\/strong>pois ele preferia <strong>delegar a instaladores profissionais a<\/strong> tarefa de cuidar de tudo. Foi assim que a colocamos em contato com os instaladores da empresa <a href=\"https:\/\/www.gardenstore.es\/\" target=\"_blank\" rel=\"noreferrer noopener\">\n  <strong>GardenStore<\/strong>\n<\/a>.<\/p>\n\n<p>Veja como eles fizeram isso. Paula ficou <strong>muito feliz<\/strong>.  <\/p>\n\n<figure class=\"wp-block-video st-video-mp4\"><video height=\"1920\" style=\"aspect-ratio: 1080 \/ 1920;\" width=\"1080\" controls=\"\" src=\"https:\/\/www.jardinartificial.es\/wp-content\/uploads\/2024\/06\/instalacion-cesped-artificial.mp4\" playsinline=\"\"><\/video><\/figure>\n\n<p><\/p>\n\n<h2 class=\"wp-block-heading\" id=\"h-por-que-eligio-cesped-artificial-para-su-jardin\"><strong>Por que voc\u00ea escolheu a grama artificial para o seu jardim<\/strong><\/h2>\n\n<p>Embora seus pais sempre tivessem tido grama natural em casa, ele optou <strong>pela grama artificial<\/strong> por v\u00e1rios motivos:<\/p>\n\n<ul class=\"wp-block-list\">\n<li>Atualmente, a \u00e1gua \u00e9 muito mais escassa do que antigamente e a grama artificial <strong>requer muito menos irriga\u00e7\u00e3o<\/strong> do que a grama natural.<\/li>\n\n\n\n<li>Eu n\u00e3o conseguia fazer com que ele parecesse equilibrado, sempre havia \u00e1reas com manchas carecas, amarelas e secas e, em outros momentos, verdes e exuberantes. Voc\u00ea tinha que ficar de olho nela o tempo todo, enquanto a grama artificial, independentemente da \u00e9poca do ano,<strong> est\u00e1<\/strong> sempre<strong> perfeita<\/strong> e precisa de muito menos manuten\u00e7\u00e3o. <a href=\"https:\/\/www.jardinartificial.es\/pt\/manutencao-facil-da-relva-artificial-com-lorena-alacis\/\">\n  <strong>voc\u00ea precisa de uma manuten\u00e7\u00e3o muito mais leve.<\/strong>\n<\/a>. Em particular, ela destaca os belos <strong>tons verdes<\/strong> do <strong>modelo C\u00e1diz 40 mm<\/strong> <strong>misturados com fibras marrons<\/strong> que lhe d\u00e3o uma <strong>apar\u00eancia muito natural<\/strong>, al\u00e9m de serem<strong> muito macios<\/strong>.<\/li>\n<\/ul>\n\n<h2 class=\"wp-block-heading\" id=\"h-tambien-instalo-jardin-vertical-artificial\"><strong>Ele tamb\u00e9m instalou um jardim vertical artificial<\/strong><\/h2>\n\n<figure class=\"wp-block-video st-video-mp4\"><video height=\"1920\" style=\"aspect-ratio: 1080 \/ 1920;\" width=\"1080\" controls=\"\" src=\"https:\/\/www.jardinartificial.es\/wp-content\/uploads\/2024\/06\/instalacion-jardines-verticales.mp4\"><\/video><\/figure>\n\n<p><\/p>\n\n<p>Al\u00e9m disso, ela decorou uma parede de 4 m x 3,5 m com diferentes pain\u00e9is de <a href=\"https:\/\/www.jardinartificial.es\/jardin-vertical-artificial\/\">\n  <strong>jardins verticais artificiais<\/strong>\n<\/a> formando um padr\u00e3o diagonal. Os pain\u00e9is <strong>de jardim vertical artificial<\/strong> tamb\u00e9m foram comprados em nossa <strong>loja on-line<\/strong>. Os modelos que ele escolheu foram:  <\/p>\n\n<ul class=\"wp-block-list\">\n<li><a href=\"https:\/\/www.jardinartificial.es\/pt\/comprar\/jardin-vertical-artificial-pt\/premium-pt\/jardim-vertical-merida-100x100\/\">\n  <strong>M\u00e9rida<\/strong>\n<\/a> (100 cm x 100 cm), para a zona diagonal.<\/li>\n\n\n\n<li><a href=\"https:\/\/www.jardinartificial.es\/pt\/comprar\/jardin-vertical-artificial-pt\/eco-pt\/jardim-vertical-malaga-50x50\/\">\n  <strong>M\u00e1laga<\/strong>\n<\/a> (50 cm x 50 cm)<\/li>\n\n\n\n<li><a href=\"https:\/\/www.jardinartificial.es\/pt\/comprar\/jardin-vertical-artificial-pt\/eco-pt\/jardim-vertical-zaragoza-50x50\/\">\n  <strong>Zaragoza<\/strong>\n<\/a> (50 cm x 50 cm)<\/li>\n<\/ul>\n\n<p>O conjunto \u00e9 espetacular e particularmente bonito. Ele combina diferentes plantas, como samambaias ou agave, com tons de verde e amarelo. Como ela mesma diz &#8220;<strong>\n  <em>\u00c9 incr\u00edvel<\/em>\n<\/strong>&#8221; ver o antes e o depois, significou uma <strong>mudan\u00e7a radical<\/strong> que deu um toque especial a essa parte da casa, ganhando muito destaque.<\/p>\n\n<p>Para a instala\u00e7\u00e3o, siga as <strong>etapas simples<\/strong> do nosso <strong><a href=\"https:\/\/www.youtube.com\/watch?v=S8Dukxa34MA\" target=\"_blank\" rel=\"noreferrer noopener\">tutorial sobre como instalar a grama artificial<\/a><\/strong>.<\/p>\n\n<p>Com certeza voc\u00ea est\u00e1 curioso para ver tudo com seus pr\u00f3prios olhos, deixamos para voc\u00ea o <a href=\"https:\/\/www.instagram.com\/paula_silvagni_interiors?igsh=emlsYzRuNmcyYmwy\" target=\"_blank\" rel=\"noreferrer noopener\">\n  <strong>perfil do Instagram da Paula<\/strong>\n<\/a> para que voc\u00ea possa fazer isso. Aqui est\u00e3o os resultados finais:<\/p>\n\n<figure class=\"wp-block-video st-video-mp4\"><video height=\"1920\" style=\"aspect-ratio: 1080 \/ 1920;\" width=\"1080\" controls=\"\" src=\"https:\/\/www.jardinartificial.es\/wp-content\/uploads\/2024\/06\/obra-terminada.mp4\"><\/video><\/figure>\n\n<p>\u00a0<\/p>\n\n<p>Em resumo, n\u00e3o importa a complexidade do seu <strong>projeto<\/strong> ou o conhecimento que voc\u00ea tem sobre <strong>grama artificial<\/strong>, voc\u00ea pode <strong>compr\u00e1-lo<\/strong> em nossa <strong>loja on-line<\/strong>. <a href=\"https:\/\/www.jardinartificial.es\/pt\/\">\n  <strong>www.jardinartificial.es<\/strong>\n<\/a> e n\u00f3s o aconselharemos sobre o que voc\u00ea precisa. Encomenda agora!<\/p>\n","protected":false},"excerpt":{"rendered":"<p>Paula Silvagni, decoradora de espa\u00e7os, procurou nossa loja on-line em busca de uma solu\u00e7\u00e3o esteticamente agrad\u00e1vel e funcional para seu jardim. Ela queria reformar toda a casa, especialmente a \u00e1rea externa, onde o antigo gramado artificial havia se deteriorado com o passar dos anos e estava danificado&#8230;. Como ela mesma diz sobre o resultado: &#8220;\u00c9, &#8230; <a title=\"Paula Silvagni transforma seu jardim com grama artificial da JardinArtificial.es: explicamos como ela fez isso.\" class=\"read-more\" href=\"https:\/\/www.jardinartificial.es\/pt\/paula-silvagni-transforma-seu-jardim-com-grama-artificial-da-jardinartificial-es-explicamos-como-ela-fez-isso\/\" aria-label=\"Leia mais sobre Paula Silvagni transforma seu jardim com grama artificial da JardinArtificial.es: explicamos como ela fez isso.\">Ler mais<\/a><\/p>\n","protected":false},"author":2535,"featured_media":81973,"comment_status":"open","ping_status":"open","sticky":false,"template":"","format":"standard","meta":{"_acf_changed":false,"footnotes":""},"categories":[735,408],"tags":[],"class_list":["post-81976","post","type-post","status-publish","format-standard","has-post-thumbnail","hentry","category-catalogo-de-cesped-pt","category-sin-categorizar"],"acf":[],"yoast_head":"<!-- This site is optimized with the Yoast SEO Premium plugin v27.4 (Yoast SEO v27.4) - https:\/\/yoast.com\/product\/yoast-seo-premium-wordpress\/ -->\n<title>Paula Silvagni transforma seu jardim com JardinArtificial.co.uk<\/title>\n<meta name=\"description\" content=\"Paula Silvagni, decoradora de espa\u00e7os, procurou nossa loja on-line de grama artificial em busca de uma solu\u00e7\u00e3o esteticamente agrad\u00e1vel.\" \/>\n<meta name=\"robots\" content=\"index, follow, max-snippet:-1, max-image-preview:large, max-video-preview:-1\" \/>\n<link rel=\"canonical\" href=\"https:\/\/www.jardinartificial.es\/pt\/paula-silvagni-transforma-seu-jardim-com-grama-artificial-da-jardinartificial-es-explicamos-como-ela-fez-isso\/\" \/>\n<meta property=\"og:locale\" content=\"pt_PT\" \/>\n<meta property=\"og:type\" content=\"article\" \/>\n<meta property=\"og:title\" content=\"Paula Silvagni transforma seu jardim com grama artificial da JardinArtificial.es: explicamos como ela fez isso.\" \/>\n<meta property=\"og:description\" content=\"Paula Silvagni, decoradora de espa\u00e7os, procurou nossa loja on-line de grama artificial em busca de uma solu\u00e7\u00e3o esteticamente agrad\u00e1vel.\" \/>\n<meta property=\"og:url\" content=\"https:\/\/www.jardinartificial.es\/pt\/paula-silvagni-transforma-seu-jardim-com-grama-artificial-da-jardinartificial-es-explicamos-como-ela-fez-isso\/\" \/>\n<meta property=\"og:site_name\" content=\"Jardin Artificial\" \/>\n<meta property=\"article:published_time\" content=\"2024-06-27T10:36:34+00:00\" \/>\n<meta property=\"article:modified_time\" content=\"2024-07-07T07:09:36+00:00\" \/>\n<meta property=\"og:image\" content=\"https:\/\/www.jardinartificial.es\/wp-content\/uploads\/2024\/06\/Paula-Silvagn-jardin-artficial-scaled.jpeg\" \/>\n\t<meta property=\"og:image:width\" content=\"2560\" \/>\n\t<meta property=\"og:image:height\" content=\"1920\" \/>\n\t<meta property=\"og:image:type\" content=\"image\/jpeg\" \/>\n<meta name=\"author\" content=\"Starenlared\" \/>\n<meta name=\"twitter:card\" content=\"summary_large_image\" \/>\n<meta name=\"twitter:label1\" content=\"Escrito por\" \/>\n\t<meta name=\"twitter:data1\" content=\"Starenlared\" \/>\n\t<meta name=\"twitter:label2\" content=\"Tempo estimado de leitura\" \/>\n\t<meta name=\"twitter:data2\" content=\"5 minutos\" \/>\n<script type=\"application\/ld+json\" class=\"yoast-schema-graph\">{\"@context\":\"https:\\\/\\\/schema.org\",\"@graph\":[{\"@type\":[\"Article\",\"BlogPosting\"],\"@id\":\"https:\\\/\\\/www.jardinartificial.es\\\/pt\\\/paula-silvagni-transforma-seu-jardim-com-grama-artificial-da-jardinartificial-es-explicamos-como-ela-fez-isso\\\/#article\",\"isPartOf\":{\"@id\":\"https:\\\/\\\/www.jardinartificial.es\\\/pt\\\/paula-silvagni-transforma-seu-jardim-com-grama-artificial-da-jardinartificial-es-explicamos-como-ela-fez-isso\\\/\"},\"author\":{\"name\":\"Starenlared\",\"@id\":\"https:\\\/\\\/www.jardinartificial.es\\\/pt\\\/#\\\/schema\\\/person\\\/349992c1cf0a59076eb53a0a55f984aa\"},\"headline\":\"Paula Silvagni transforma seu jardim com grama artificial da JardinArtificial.es: explicamos como ela fez isso.\",\"datePublished\":\"2024-06-27T10:36:34+00:00\",\"dateModified\":\"2024-07-07T07:09:36+00:00\",\"mainEntityOfPage\":{\"@id\":\"https:\\\/\\\/www.jardinartificial.es\\\/pt\\\/paula-silvagni-transforma-seu-jardim-com-grama-artificial-da-jardinartificial-es-explicamos-como-ela-fez-isso\\\/\"},\"wordCount\":950,\"commentCount\":0,\"publisher\":{\"@id\":\"https:\\\/\\\/www.jardinartificial.es\\\/pt\\\/#organization\"},\"image\":{\"@id\":\"https:\\\/\\\/www.jardinartificial.es\\\/pt\\\/paula-silvagni-transforma-seu-jardim-com-grama-artificial-da-jardinartificial-es-explicamos-como-ela-fez-isso\\\/#primaryimage\"},\"thumbnailUrl\":\"https:\\\/\\\/www.jardinartificial.es\\\/wp-content\\\/uploads\\\/2024\\\/06\\\/Paula-Silvagn-jardin-artficial-scaled.jpeg\",\"articleSection\":[\"Cat\u00e1logo de c\u00e9sped\",\"Sin categorizar\"],\"inLanguage\":\"pt-PT\",\"potentialAction\":[{\"@type\":\"CommentAction\",\"name\":\"Comment\",\"target\":[\"https:\\\/\\\/www.jardinartificial.es\\\/pt\\\/paula-silvagni-transforma-seu-jardim-com-grama-artificial-da-jardinartificial-es-explicamos-como-ela-fez-isso\\\/#respond\"]}]},{\"@type\":[\"WebPage\",\"ItemPage\"],\"@id\":\"https:\\\/\\\/www.jardinartificial.es\\\/pt\\\/paula-silvagni-transforma-seu-jardim-com-grama-artificial-da-jardinartificial-es-explicamos-como-ela-fez-isso\\\/\",\"url\":\"https:\\\/\\\/www.jardinartificial.es\\\/pt\\\/paula-silvagni-transforma-seu-jardim-com-grama-artificial-da-jardinartificial-es-explicamos-como-ela-fez-isso\\\/\",\"name\":\"Paula Silvagni transforma seu jardim com JardinArtificial.co.uk\",\"isPartOf\":{\"@id\":\"https:\\\/\\\/www.jardinartificial.es\\\/pt\\\/#website\"},\"primaryImageOfPage\":{\"@id\":\"https:\\\/\\\/www.jardinartificial.es\\\/pt\\\/paula-silvagni-transforma-seu-jardim-com-grama-artificial-da-jardinartificial-es-explicamos-como-ela-fez-isso\\\/#primaryimage\"},\"image\":{\"@id\":\"https:\\\/\\\/www.jardinartificial.es\\\/pt\\\/paula-silvagni-transforma-seu-jardim-com-grama-artificial-da-jardinartificial-es-explicamos-como-ela-fez-isso\\\/#primaryimage\"},\"thumbnailUrl\":\"https:\\\/\\\/www.jardinartificial.es\\\/wp-content\\\/uploads\\\/2024\\\/06\\\/Paula-Silvagn-jardin-artficial-scaled.jpeg\",\"datePublished\":\"2024-06-27T10:36:34+00:00\",\"dateModified\":\"2024-07-07T07:09:36+00:00\",\"description\":\"Paula Silvagni, decoradora de espa\u00e7os, procurou nossa loja on-line de grama artificial em busca de uma solu\u00e7\u00e3o esteticamente agrad\u00e1vel.\",\"breadcrumb\":{\"@id\":\"https:\\\/\\\/www.jardinartificial.es\\\/pt\\\/paula-silvagni-transforma-seu-jardim-com-grama-artificial-da-jardinartificial-es-explicamos-como-ela-fez-isso\\\/#breadcrumb\"},\"inLanguage\":\"pt-PT\",\"potentialAction\":[{\"@type\":\"ReadAction\",\"target\":[\"https:\\\/\\\/www.jardinartificial.es\\\/pt\\\/paula-silvagni-transforma-seu-jardim-com-grama-artificial-da-jardinartificial-es-explicamos-como-ela-fez-isso\\\/\"]}]},{\"@type\":\"ImageObject\",\"inLanguage\":\"pt-PT\",\"@id\":\"https:\\\/\\\/www.jardinartificial.es\\\/pt\\\/paula-silvagni-transforma-seu-jardim-com-grama-artificial-da-jardinartificial-es-explicamos-como-ela-fez-isso\\\/#primaryimage\",\"url\":\"https:\\\/\\\/www.jardinartificial.es\\\/wp-content\\\/uploads\\\/2024\\\/06\\\/Paula-Silvagn-jardin-artficial-scaled.jpeg\",\"contentUrl\":\"https:\\\/\\\/www.jardinartificial.es\\\/wp-content\\\/uploads\\\/2024\\\/06\\\/Paula-Silvagn-jardin-artficial-scaled.jpeg\",\"width\":2560,\"height\":1920,\"caption\":\"Paula Silvagni y Jard\u00edn Artificial\"},{\"@type\":\"BreadcrumbList\",\"@id\":\"https:\\\/\\\/www.jardinartificial.es\\\/pt\\\/paula-silvagni-transforma-seu-jardim-com-grama-artificial-da-jardinartificial-es-explicamos-como-ela-fez-isso\\\/#breadcrumb\",\"itemListElement\":[{\"@type\":\"ListItem\",\"position\":1,\"name\":\"Portada\",\"item\":\"https:\\\/\\\/www.jardinartificial.es\\\/pt\\\/casa\\\/\"},{\"@type\":\"ListItem\",\"position\":2,\"name\":\"Paula Silvagni transforma seu jardim com grama artificial da JardinArtificial.es: explicamos como ela fez isso.\"}]},{\"@type\":\"WebSite\",\"@id\":\"https:\\\/\\\/www.jardinartificial.es\\\/pt\\\/#website\",\"url\":\"https:\\\/\\\/www.jardinartificial.es\\\/pt\\\/\",\"name\":\"Jard\u00edn Artificial - Venta de C\u00e9sped Artficial\",\"description\":\"C\u00e9sped Artificial barato al corte\",\"publisher\":{\"@id\":\"https:\\\/\\\/www.jardinartificial.es\\\/pt\\\/#organization\"},\"potentialAction\":[{\"@type\":\"SearchAction\",\"target\":{\"@type\":\"EntryPoint\",\"urlTemplate\":\"https:\\\/\\\/www.jardinartificial.es\\\/pt\\\/?s={search_term_string}\"},\"query-input\":{\"@type\":\"PropertyValueSpecification\",\"valueRequired\":true,\"valueName\":\"search_term_string\"}}],\"inLanguage\":\"pt-PT\"},{\"@type\":\"Organization\",\"@id\":\"https:\\\/\\\/www.jardinartificial.es\\\/pt\\\/#organization\",\"name\":\"Jard\u00edn Artificial\",\"url\":\"https:\\\/\\\/www.jardinartificial.es\\\/pt\\\/\",\"logo\":{\"@type\":\"ImageObject\",\"inLanguage\":\"pt-PT\",\"@id\":\"https:\\\/\\\/www.jardinartificial.es\\\/pt\\\/#\\\/schema\\\/logo\\\/image\\\/\",\"url\":\"https:\\\/\\\/www.jardinartificial.es\\\/wp-content\\\/uploads\\\/2023\\\/03\\\/logotipo.svg\",\"contentUrl\":\"https:\\\/\\\/www.jardinartificial.es\\\/wp-content\\\/uploads\\\/2023\\\/03\\\/logotipo.svg\",\"width\":187,\"height\":53,\"caption\":\"Jard\u00edn Artificial\"},\"image\":{\"@id\":\"https:\\\/\\\/www.jardinartificial.es\\\/pt\\\/#\\\/schema\\\/logo\\\/image\\\/\"}},{\"@type\":\"Person\",\"@id\":\"https:\\\/\\\/www.jardinartificial.es\\\/pt\\\/#\\\/schema\\\/person\\\/349992c1cf0a59076eb53a0a55f984aa\",\"name\":\"Starenlared\",\"image\":{\"@type\":\"ImageObject\",\"inLanguage\":\"pt-PT\",\"@id\":\"https:\\\/\\\/secure.gravatar.com\\\/avatar\\\/3b4ab7f22c1235d170addf4acbf3093bcf538f00e3e15ecc23afacf8e0f1dd93?s=96&d=mm&r=g\",\"url\":\"https:\\\/\\\/secure.gravatar.com\\\/avatar\\\/3b4ab7f22c1235d170addf4acbf3093bcf538f00e3e15ecc23afacf8e0f1dd93?s=96&d=mm&r=g\",\"contentUrl\":\"https:\\\/\\\/secure.gravatar.com\\\/avatar\\\/3b4ab7f22c1235d170addf4acbf3093bcf538f00e3e15ecc23afacf8e0f1dd93?s=96&d=mm&r=g\",\"caption\":\"Starenlared\"},\"url\":\"https:\\\/\\\/www.jardinartificial.es\\\/pt\\\/author\\\/starenlared\\\/\"}]}<\/script>\n<!-- \/ Yoast SEO Premium plugin. -->","yoast_head_json":{"title":"Paula Silvagni transforma seu jardim com JardinArtificial.co.uk","description":"Paula Silvagni, decoradora de espa\u00e7os, procurou nossa loja on-line de grama artificial em busca de uma solu\u00e7\u00e3o esteticamente agrad\u00e1vel.","robots":{"index":"index","follow":"follow","max-snippet":"max-snippet:-1","max-image-preview":"max-image-preview:large","max-video-preview":"max-video-preview:-1"},"canonical":"https:\/\/www.jardinartificial.es\/pt\/paula-silvagni-transforma-seu-jardim-com-grama-artificial-da-jardinartificial-es-explicamos-como-ela-fez-isso\/","og_locale":"pt_PT","og_type":"article","og_title":"Paula Silvagni transforma seu jardim com grama artificial da JardinArtificial.es: explicamos como ela fez isso.","og_description":"Paula Silvagni, decoradora de espa\u00e7os, procurou nossa loja on-line de grama artificial em busca de uma solu\u00e7\u00e3o esteticamente agrad\u00e1vel.","og_url":"https:\/\/www.jardinartificial.es\/pt\/paula-silvagni-transforma-seu-jardim-com-grama-artificial-da-jardinartificial-es-explicamos-como-ela-fez-isso\/","og_site_name":"Jardin Artificial","article_published_time":"2024-06-27T10:36:34+00:00","article_modified_time":"2024-07-07T07:09:36+00:00","og_image":[{"width":2560,"height":1920,"url":"https:\/\/www.jardinartificial.es\/wp-content\/uploads\/2024\/06\/Paula-Silvagn-jardin-artficial-scaled.jpeg","type":"image\/jpeg"}],"author":"Starenlared","twitter_card":"summary_large_image","twitter_misc":{"Escrito por":"Starenlared","Tempo estimado de leitura":"5 minutos"},"schema":{"@context":"https:\/\/schema.org","@graph":[{"@type":["Article","BlogPosting"],"@id":"https:\/\/www.jardinartificial.es\/pt\/paula-silvagni-transforma-seu-jardim-com-grama-artificial-da-jardinartificial-es-explicamos-como-ela-fez-isso\/#article","isPartOf":{"@id":"https:\/\/www.jardinartificial.es\/pt\/paula-silvagni-transforma-seu-jardim-com-grama-artificial-da-jardinartificial-es-explicamos-como-ela-fez-isso\/"},"author":{"name":"Starenlared","@id":"https:\/\/www.jardinartificial.es\/pt\/#\/schema\/person\/349992c1cf0a59076eb53a0a55f984aa"},"headline":"Paula Silvagni transforma seu jardim com grama artificial da JardinArtificial.es: explicamos como ela fez isso.","datePublished":"2024-06-27T10:36:34+00:00","dateModified":"2024-07-07T07:09:36+00:00","mainEntityOfPage":{"@id":"https:\/\/www.jardinartificial.es\/pt\/paula-silvagni-transforma-seu-jardim-com-grama-artificial-da-jardinartificial-es-explicamos-como-ela-fez-isso\/"},"wordCount":950,"commentCount":0,"publisher":{"@id":"https:\/\/www.jardinartificial.es\/pt\/#organization"},"image":{"@id":"https:\/\/www.jardinartificial.es\/pt\/paula-silvagni-transforma-seu-jardim-com-grama-artificial-da-jardinartificial-es-explicamos-como-ela-fez-isso\/#primaryimage"},"thumbnailUrl":"https:\/\/www.jardinartificial.es\/wp-content\/uploads\/2024\/06\/Paula-Silvagn-jardin-artficial-scaled.jpeg","articleSection":["Cat\u00e1logo de c\u00e9sped","Sin categorizar"],"inLanguage":"pt-PT","potentialAction":[{"@type":"CommentAction","name":"Comment","target":["https:\/\/www.jardinartificial.es\/pt\/paula-silvagni-transforma-seu-jardim-com-grama-artificial-da-jardinartificial-es-explicamos-como-ela-fez-isso\/#respond"]}]},{"@type":["WebPage","ItemPage"],"@id":"https:\/\/www.jardinartificial.es\/pt\/paula-silvagni-transforma-seu-jardim-com-grama-artificial-da-jardinartificial-es-explicamos-como-ela-fez-isso\/","url":"https:\/\/www.jardinartificial.es\/pt\/paula-silvagni-transforma-seu-jardim-com-grama-artificial-da-jardinartificial-es-explicamos-como-ela-fez-isso\/","name":"Paula Silvagni transforma seu jardim com JardinArtificial.co.uk","isPartOf":{"@id":"https:\/\/www.jardinartificial.es\/pt\/#website"},"primaryImageOfPage":{"@id":"https:\/\/www.jardinartificial.es\/pt\/paula-silvagni-transforma-seu-jardim-com-grama-artificial-da-jardinartificial-es-explicamos-como-ela-fez-isso\/#primaryimage"},"image":{"@id":"https:\/\/www.jardinartificial.es\/pt\/paula-silvagni-transforma-seu-jardim-com-grama-artificial-da-jardinartificial-es-explicamos-como-ela-fez-isso\/#primaryimage"},"thumbnailUrl":"https:\/\/www.jardinartificial.es\/wp-content\/uploads\/2024\/06\/Paula-Silvagn-jardin-artficial-scaled.jpeg","datePublished":"2024-06-27T10:36:34+00:00","dateModified":"2024-07-07T07:09:36+00:00","description":"Paula Silvagni, decoradora de espa\u00e7os, procurou nossa loja on-line de grama artificial em busca de uma solu\u00e7\u00e3o esteticamente agrad\u00e1vel.","breadcrumb":{"@id":"https:\/\/www.jardinartificial.es\/pt\/paula-silvagni-transforma-seu-jardim-com-grama-artificial-da-jardinartificial-es-explicamos-como-ela-fez-isso\/#breadcrumb"},"inLanguage":"pt-PT","potentialAction":[{"@type":"ReadAction","target":["https:\/\/www.jardinartificial.es\/pt\/paula-silvagni-transforma-seu-jardim-com-grama-artificial-da-jardinartificial-es-explicamos-como-ela-fez-isso\/"]}]},{"@type":"ImageObject","inLanguage":"pt-PT","@id":"https:\/\/www.jardinartificial.es\/pt\/paula-silvagni-transforma-seu-jardim-com-grama-artificial-da-jardinartificial-es-explicamos-como-ela-fez-isso\/#primaryimage","url":"https:\/\/www.jardinartificial.es\/wp-content\/uploads\/2024\/06\/Paula-Silvagn-jardin-artficial-scaled.jpeg","contentUrl":"https:\/\/www.jardinartificial.es\/wp-content\/uploads\/2024\/06\/Paula-Silvagn-jardin-artficial-scaled.jpeg","width":2560,"height":1920,"caption":"Paula Silvagni y Jard\u00edn Artificial"},{"@type":"BreadcrumbList","@id":"https:\/\/www.jardinartificial.es\/pt\/paula-silvagni-transforma-seu-jardim-com-grama-artificial-da-jardinartificial-es-explicamos-como-ela-fez-isso\/#breadcrumb","itemListElement":[{"@type":"ListItem","position":1,"name":"Portada","item":"https:\/\/www.jardinartificial.es\/pt\/casa\/"},{"@type":"ListItem","position":2,"name":"Paula Silvagni transforma seu jardim com grama artificial da JardinArtificial.es: explicamos como ela fez isso."}]},{"@type":"WebSite","@id":"https:\/\/www.jardinartificial.es\/pt\/#website","url":"https:\/\/www.jardinartificial.es\/pt\/","name":"Jard\u00edn Artificial - Venta de C\u00e9sped Artficial","description":"C\u00e9sped Artificial barato al corte","publisher":{"@id":"https:\/\/www.jardinartificial.es\/pt\/#organization"},"potentialAction":[{"@type":"SearchAction","target":{"@type":"EntryPoint","urlTemplate":"https:\/\/www.jardinartificial.es\/pt\/?s={search_term_string}"},"query-input":{"@type":"PropertyValueSpecification","valueRequired":true,"valueName":"search_term_string"}}],"inLanguage":"pt-PT"},{"@type":"Organization","@id":"https:\/\/www.jardinartificial.es\/pt\/#organization","name":"Jard\u00edn Artificial","url":"https:\/\/www.jardinartificial.es\/pt\/","logo":{"@type":"ImageObject","inLanguage":"pt-PT","@id":"https:\/\/www.jardinartificial.es\/pt\/#\/schema\/logo\/image\/","url":"https:\/\/www.jardinartificial.es\/wp-content\/uploads\/2023\/03\/logotipo.svg","contentUrl":"https:\/\/www.jardinartificial.es\/wp-content\/uploads\/2023\/03\/logotipo.svg","width":187,"height":53,"caption":"Jard\u00edn Artificial"},"image":{"@id":"https:\/\/www.jardinartificial.es\/pt\/#\/schema\/logo\/image\/"}},{"@type":"Person","@id":"https:\/\/www.jardinartificial.es\/pt\/#\/schema\/person\/349992c1cf0a59076eb53a0a55f984aa","name":"Starenlared","image":{"@type":"ImageObject","inLanguage":"pt-PT","@id":"https:\/\/secure.gravatar.com\/avatar\/3b4ab7f22c1235d170addf4acbf3093bcf538f00e3e15ecc23afacf8e0f1dd93?s=96&d=mm&r=g","url":"https:\/\/secure.gravatar.com\/avatar\/3b4ab7f22c1235d170addf4acbf3093bcf538f00e3e15ecc23afacf8e0f1dd93?s=96&d=mm&r=g","contentUrl":"https:\/\/secure.gravatar.com\/avatar\/3b4ab7f22c1235d170addf4acbf3093bcf538f00e3e15ecc23afacf8e0f1dd93?s=96&d=mm&r=g","caption":"Starenlared"},"url":"https:\/\/www.jardinartificial.es\/pt\/author\/starenlared\/"}]}},"_links":{"self":[{"href":"https:\/\/www.jardinartificial.es\/pt\/wp-json\/wp\/v2\/posts\/81976","targetHints":{"allow":["GET"]}}],"collection":[{"href":"https:\/\/www.jardinartificial.es\/pt\/wp-json\/wp\/v2\/posts"}],"about":[{"href":"https:\/\/www.jardinartificial.es\/pt\/wp-json\/wp\/v2\/types\/post"}],"author":[{"embeddable":true,"href":"https:\/\/www.jardinartificial.es\/pt\/wp-json\/wp\/v2\/users\/2535"}],"replies":[{"embeddable":true,"href":"https:\/\/www.jardinartificial.es\/pt\/wp-json\/wp\/v2\/comments?post=81976"}],"version-history":[{"count":0,"href":"https:\/\/www.jardinartificial.es\/pt\/wp-json\/wp\/v2\/posts\/81976\/revisions"}],"wp:featuredmedia":[{"embeddable":true,"href":"https:\/\/www.jardinartificial.es\/pt\/wp-json\/wp\/v2\/media\/81973"}],"wp:attachment":[{"href":"https:\/\/www.jardinartificial.es\/pt\/wp-json\/wp\/v2\/media?parent=81976"}],"wp:term":[{"taxonomy":"category","embeddable":true,"href":"https:\/\/www.jardinartificial.es\/pt\/wp-json\/wp\/v2\/categories?post=81976"},{"taxonomy":"post_tag","embeddable":true,"href":"https:\/\/www.jardinartificial.es\/pt\/wp-json\/wp\/v2\/tags?post=81976"}],"curies":[{"name":"wp","href":"https:\/\/api.w.org\/{rel}","templated":true}]}}