{"id":77337,"date":"2023-09-19T13:50:03","date_gmt":"2023-09-19T11:50:03","guid":{"rendered":"https:\/\/www.jardinartificial.es\/a-artificial-garden-fornece-a-relva-artificial-para-a-casa-de-ghvip8-2\/"},"modified":"2024-10-29T13:49:36","modified_gmt":"2024-10-29T12:49:36","slug":"a-artificial-garden-fornece-a-relva-artificial-para-a-casa-de-ghvip8","status":"publish","type":"post","link":"https:\/\/www.jardinartificial.es\/pt\/a-artificial-garden-fornece-a-relva-artificial-para-a-casa-de-ghvip8\/","title":{"rendered":"A Artificial Garden fornece a relva artificial para a casa de GHVIP8."},"content":{"rendered":"\n<p>No <strong>Jardim Artificial<\/strong>, estamos entusiasmados por fazer parte da <strong>8\u00aa edi\u00e7\u00e3o do GHVIP<\/strong>. Como a tua <strong><a href=\"https:\/\/www.jardinartificial.es\/pt\/\">loja online de confian\u00e7a para relva artificial<\/a>, jardins verticais e acess\u00f3rios<\/strong>, tivemos o privil\u00e9gio de contribuir para a <strong>decora\u00e7\u00e3o dos dois p\u00e1tios da casa<\/strong> onde est\u00e1 a decorrer esta nova e excitante edi\u00e7\u00e3o do concurso.<\/p>\n\n\n\n<p><strong>GHVIP<\/strong>, um dos programas <strong>de televis\u00e3o mais populares<\/strong>, regressou ao ecr\u00e3 a 14 de setembro, gra\u00e7as \u00e0 conhecida <strong>produtora Zeppelin<\/strong>. Sentimo-nos honrados por termos sido seleccionados para fazer parte deste projeto emocionante.<\/p>\n\n\n\n<p>Trabalhando em estreita colabora\u00e7\u00e3o com uma equipa de instaladores profissionais altamente qualificados, a <strong>Artificial Garden<\/strong> <strong>forneceu a relva artificial de alta qualidade<\/strong> que foi utilizada para decorar os dois p\u00e1tios da casa. Conscientes da import\u00e2ncia que a apar\u00eancia e o design t\u00eam nestes espa\u00e7os, como elementos cruciais para criar um <strong>ambiente ideal para relaxar <\/strong>os concorrentes do GHVIP, seleccion\u00e1mos um dos nossos melhores modelos de relva artificial.<\/p>\n\n\n\n<p>O <strong>modelo <\/strong>utilizado para esta instala\u00e7\u00e3o foi o <a href=\"https:\/\/www.jardinartificial.es\/pt\/cesped-artificial-pt\/\"><br>  <strong>modelo de relva artificial Granada 50<\/strong><br><\/a>.<\/p>\n\n\n\n<h2 class=\"wp-block-heading\" id=\"h-caracteristicas-do-modelo-de-relva-artificial-granada-50\"><strong>Caracter\u00edsticas do modelo de relva artificial Granada 50<\/strong><\/h2>\n\n\n\n<p>O <strong>modelo<\/strong> de <strong>relva artificial<\/strong> <strong>Granada 50<\/strong>, utilizado em ambos os p\u00e1tios, foi escolhido pelos nossos consultores principalmente pelo <strong>seu realismo e beleza,<\/strong> o que o torna a escolha ideal para projectos de decora\u00e7\u00e3o de interiores e exteriores.  <\/p>\n\n\n<div class=\"wp-block-image\">\n<figure class=\"aligncenter size-full\"><a href=\"https:\/\/www.jardinartificial.es\/wp-content\/uploads\/2023\/09\/Cesiones-Casa-GH-VIP-8-253.jpg\"><img fetchpriority=\"high\" decoding=\"async\" width=\"900\" height=\"600\" src=\"https:\/\/www.jardinartificial.es\/wp-content\/uploads\/2023\/09\/Cesiones-Casa-GH-VIP-8-253.jpg\" alt=\"\" class=\"wp-image-68965\" srcset=\"https:\/\/www.jardinartificial.es\/wp-content\/uploads\/2023\/09\/Cesiones-Casa-GH-VIP-8-253.jpg 900w, https:\/\/www.jardinartificial.es\/wp-content\/uploads\/2023\/09\/Cesiones-Casa-GH-VIP-8-253-600x400.jpg 600w, https:\/\/www.jardinartificial.es\/wp-content\/uploads\/2023\/09\/Cesiones-Casa-GH-VIP-8-253-300x200.jpg 300w, https:\/\/www.jardinartificial.es\/wp-content\/uploads\/2023\/09\/Cesiones-Casa-GH-VIP-8-253-768x512.jpg 768w\" sizes=\"(max-width: 900px) 100vw, 900px\" \/><\/a><\/figure>\n<\/div>\n\n\n<blockquote class=\"wp-block-quote is-layout-flow wp-block-quote-is-layout-flow\">\n<p>Esta relva artificial proporciona uma <strong>agrad\u00e1vel sensa\u00e7\u00e3o de suavidade e conforto<\/strong> gra\u00e7as \u00e0 sua <strong>altura de 50 mm<\/strong> e \u00e0 <strong>dire\u00e7\u00e3o multidirecional das suas fibras<\/strong>.  <\/p>\n<\/blockquote>\n\n\n\n<p>Esta carater\u00edstica, o <strong>sentido multidirecional dos fios<\/strong>, \u00e9 o que caracteriza o modelo Granada 50, pois confere-lhe um aspeto natural, uma carater\u00edstica que ser\u00e1 uma tend\u00eancia nas pr\u00f3ximas esta\u00e7\u00f5es.<\/p>\n\n\n<div class=\"wp-block-image\">\n<figure class=\"aligncenter size-full\"><a href=\"https:\/\/www.jardinartificial.es\/wp-content\/uploads\/2023\/09\/Cesiones-Casa-GH-VIP-8-151.jpg\"><img decoding=\"async\" width=\"900\" height=\"600\" src=\"https:\/\/www.jardinartificial.es\/wp-content\/uploads\/2023\/09\/Cesiones-Casa-GH-VIP-8-151.jpg\" alt=\"\" class=\"wp-image-68963\" srcset=\"https:\/\/www.jardinartificial.es\/wp-content\/uploads\/2023\/09\/Cesiones-Casa-GH-VIP-8-151.jpg 900w, https:\/\/www.jardinartificial.es\/wp-content\/uploads\/2023\/09\/Cesiones-Casa-GH-VIP-8-151-600x400.jpg 600w, https:\/\/www.jardinartificial.es\/wp-content\/uploads\/2023\/09\/Cesiones-Casa-GH-VIP-8-151-300x200.jpg 300w, https:\/\/www.jardinartificial.es\/wp-content\/uploads\/2023\/09\/Cesiones-Casa-GH-VIP-8-151-768x512.jpg 768w\" sizes=\"(max-width: 900px) 100vw, 900px\" \/><\/a><\/figure>\n<\/div>\n\n\n<p>Al\u00e9m disso, este modelo \u00e9 dotado de uma s\u00e9rie de atributos que fazem dele uma das nossas melhores escolhas com uma classifica\u00e7\u00e3o premium. Estas s\u00e3o descritas em seguida:<\/p>\n\n\n\n<ul class=\"wp-block-list\">\n<li>Gra\u00e7as ao facto de ser <strong>um dos mais altos <\/strong>da nossa gama de produtos (50 mm de altura) e \u00e0 <strong>dire\u00e7\u00e3o multidirecional das suas fibras<\/strong>, oferece o <strong>mais elevado n\u00edvel de suavidade e conforto <\/strong>(5 em 5).<\/li>\n\n\n\n<li>\u00c9 <strong>muito resistente<\/strong> e tem uma <strong>elevada capacidade de recupera\u00e7\u00e3o ap\u00f3s uma caminhada<\/strong> (n\u00edvel 4 em 5).<\/li>\n\n\n\n<li>Combina as cores <strong>verde musgo<\/strong>, <strong>verde lima<\/strong>, <strong>verde floresta<\/strong> e <strong>verde azeitona<\/strong> nas 12 fibras do fio direito, com <strong>verde floresta<\/strong> e <strong>bege <\/strong>nas 12 fibras do fio encaracolado. Esta combina\u00e7\u00e3o de tonalidades permite obter um <strong>relvado extremamente bonito e hiper-realista<\/strong>.<\/li>\n\n\n\n<li>Est\u00e1 preparado para resistir aos <strong>raios ultravioleta,<\/strong> bem como ao <strong>cloro e \u00e0 \u00e1gua do mar<\/strong>. Por isso, \u00e9 <strong>ideal para piscinas<\/strong>.<\/li>\n\n\n\n<li>\u00c9 perfeita como <strong>relva artificial decorativa <\/strong>para <strong>jardins e terra\u00e7os<\/strong>.<\/li>\n\n\n\n<li>Requer uma manuten\u00e7\u00e3o simples <a href=\"https:\/\/www.jardinartificial.es\/pt\/manutencao-facil-da-relva-artificial-com-lorena-alacis\/\"><br>  <strong>manuten\u00e7\u00e3o simples<\/strong><br><\/a>semelhante a qualquer outra relva artificial.<\/li>\n<\/ul>\n\n\n\n<p>Em <a href=\"https:\/\/www.jardinartificial.es\/pt\/\"><br>  <strong>Jardim Artificial<\/strong><br><\/a>estamos orgulhosos de <strong>ter contribu\u00eddo<\/strong> para a <strong>cria\u00e7\u00e3o destes espa\u00e7os <\/strong>bonitos, funcionais, ecol\u00f3gicos e sustent\u00e1veis para a casa <strong>GHVIP8<\/strong>, e esperamos que os concorrentes desfrutem do <strong>conforto e<\/strong> da <strong>beleza<\/strong> que a nossa <a href=\"https:\/\/www.jardinartificial.es\/pt\/cesped-artificial-pt\/\"><strong>relva artificial<\/strong> <\/a>traz ao seu ambiente.<\/p>\n\n\n<div class=\"wp-block-image\">\n<figure class=\"aligncenter size-full\"><a href=\"https:\/\/www.jardinartificial.es\/wp-content\/uploads\/2023\/09\/Cesiones-Casa-GH-VIP-8-414.jpg\"><img decoding=\"async\" width=\"900\" height=\"600\" src=\"https:\/\/www.jardinartificial.es\/wp-content\/uploads\/2023\/09\/Cesiones-Casa-GH-VIP-8-414.jpg\" alt=\"\" class=\"wp-image-68964\" srcset=\"https:\/\/www.jardinartificial.es\/wp-content\/uploads\/2023\/09\/Cesiones-Casa-GH-VIP-8-414.jpg 900w, https:\/\/www.jardinartificial.es\/wp-content\/uploads\/2023\/09\/Cesiones-Casa-GH-VIP-8-414-600x400.jpg 600w, https:\/\/www.jardinartificial.es\/wp-content\/uploads\/2023\/09\/Cesiones-Casa-GH-VIP-8-414-300x200.jpg 300w, https:\/\/www.jardinartificial.es\/wp-content\/uploads\/2023\/09\/Cesiones-Casa-GH-VIP-8-414-768x512.jpg 768w\" sizes=\"(max-width: 900px) 100vw, 900px\" \/><\/a><\/figure>\n<\/div>\n\n\n<p>Se tamb\u00e9m estiveres interessado em <strong>transformar o teu espa\u00e7o exterior ou interior<\/strong>, seja ele um terra\u00e7o, um p\u00e1tio ou um jardim, n\u00e3o hesites em visitar a nossa <a href=\"https:\/\/www.jardinartificial.es\/pt\/\"><strong>loja online<\/strong> <strong>de relva artificial de qualidade<\/strong><\/a>. Estamos aqui para te ajudar a <strong>tornar<\/strong> os teus <strong>projectos de decora\u00e7\u00e3o<\/strong> <strong>uma realidade<\/strong>, oferecendo-te <strong>produtos de alta qualidade<\/strong> a um <strong>pre\u00e7o muito competitivo<\/strong>.<\/p>\n\n\n\n<p>No <strong>Artificial Garden<\/strong>, esperamos que esta <strong>colabora\u00e7\u00e3o com o GHVIP8 <\/strong>seja apenas o in\u00edcio de muitas <strong>outras oportunidades interessantes<\/strong> no futuro. Obrigado por confiares em n\u00f3s como o teu <strong>fornecedor de relva artificial de confian\u00e7a<\/strong>!<\/p>\n","protected":false},"excerpt":{"rendered":"<p>No Jardim Artificial, estamos entusiasmados por fazer parte da 8\u00aa edi\u00e7\u00e3o do GHVIP. Como a tua loja online de confian\u00e7a para relva artificial, jardins verticais e acess\u00f3rios, tivemos o privil\u00e9gio de contribuir para a decora\u00e7\u00e3o dos dois p\u00e1tios da casa onde est\u00e1 a decorrer esta nova e excitante edi\u00e7\u00e3o do concurso. GHVIP, um dos programas &#8230; <a title=\"A Artificial Garden fornece a relva artificial para a casa de GHVIP8.\" class=\"read-more\" href=\"https:\/\/www.jardinartificial.es\/pt\/a-artificial-garden-fornece-a-relva-artificial-para-a-casa-de-ghvip8\/\" aria-label=\"Leia mais sobre A Artificial Garden fornece a relva artificial para a casa de GHVIP8.\">Ler mais<\/a><\/p>\n","protected":false},"author":2535,"featured_media":77342,"comment_status":"open","ping_status":"open","sticky":false,"template":"","format":"standard","meta":{"_acf_changed":false,"footnotes":""},"categories":[734],"tags":[],"class_list":["post-77337","post","type-post","status-publish","format-standard","has-post-thumbnail","hentry","category-noticias-pt-2"],"acf":[],"yoast_head":"<!-- This site is optimized with the Yoast SEO Premium plugin v27.4 (Yoast SEO v27.4) - https:\/\/yoast.com\/product\/yoast-seo-premium-wordpress\/ -->\n<title>A Artificial Garden fornece a relva artificial para a casa de GHVIP8.<\/title>\n<meta name=\"description\" content=\"No Jardim Artificial, estamos entusiasmados por fazer parte da 8\u00aa edi\u00e7\u00e3o do GHVIP. Fornecemos a relva artificial para os parques infantis.\" \/>\n<meta name=\"robots\" content=\"index, follow, max-snippet:-1, max-image-preview:large, max-video-preview:-1\" \/>\n<link rel=\"canonical\" href=\"https:\/\/www.jardinartificial.es\/pt\/a-artificial-garden-fornece-a-relva-artificial-para-a-casa-de-ghvip8\/\" \/>\n<meta property=\"og:locale\" content=\"pt_PT\" \/>\n<meta property=\"og:type\" content=\"article\" \/>\n<meta property=\"og:title\" content=\"A Artificial Garden fornece a relva artificial para a casa de GHVIP8.\" \/>\n<meta property=\"og:description\" content=\"No Jardim Artificial, estamos entusiasmados por fazer parte da 8\u00aa edi\u00e7\u00e3o do GHVIP. Fornecemos a relva artificial para os parques infantis.\" \/>\n<meta property=\"og:url\" content=\"https:\/\/www.jardinartificial.es\/pt\/a-artificial-garden-fornece-a-relva-artificial-para-a-casa-de-ghvip8\/\" \/>\n<meta property=\"og:site_name\" content=\"Jardin Artificial\" \/>\n<meta property=\"article:published_time\" content=\"2023-09-19T11:50:03+00:00\" \/>\n<meta property=\"article:modified_time\" content=\"2024-10-29T12:49:36+00:00\" \/>\n<meta property=\"og:image\" content=\"https:\/\/www.jardinartificial.es\/wp-content\/uploads\/2023\/09\/jardin-artificial-gran-hermano-vip-8-1024x683.jpg\" \/>\n\t<meta property=\"og:image:width\" content=\"1024\" \/>\n\t<meta property=\"og:image:height\" content=\"683\" \/>\n\t<meta property=\"og:image:type\" content=\"image\/jpeg\" \/>\n<meta name=\"author\" content=\"Starenlared\" \/>\n<meta name=\"twitter:card\" content=\"summary_large_image\" \/>\n<meta name=\"twitter:label1\" content=\"Escrito por\" \/>\n\t<meta name=\"twitter:data1\" content=\"Starenlared\" \/>\n\t<meta name=\"twitter:label2\" content=\"Tempo estimado de leitura\" \/>\n\t<meta name=\"twitter:data2\" content=\"4 minutos\" \/>\n<script type=\"application\/ld+json\" class=\"yoast-schema-graph\">{\"@context\":\"https:\\\/\\\/schema.org\",\"@graph\":[{\"@type\":[\"Article\",\"BlogPosting\"],\"@id\":\"https:\\\/\\\/www.jardinartificial.es\\\/pt\\\/a-artificial-garden-fornece-a-relva-artificial-para-a-casa-de-ghvip8\\\/#article\",\"isPartOf\":{\"@id\":\"https:\\\/\\\/www.jardinartificial.es\\\/pt\\\/a-artificial-garden-fornece-a-relva-artificial-para-a-casa-de-ghvip8\\\/\"},\"author\":{\"name\":\"Starenlared\",\"@id\":\"https:\\\/\\\/www.jardinartificial.es\\\/pt\\\/#\\\/schema\\\/person\\\/349992c1cf0a59076eb53a0a55f984aa\"},\"headline\":\"A Artificial Garden fornece a relva artificial para a casa de GHVIP8.\",\"datePublished\":\"2023-09-19T11:50:03+00:00\",\"dateModified\":\"2024-10-29T12:49:36+00:00\",\"mainEntityOfPage\":{\"@id\":\"https:\\\/\\\/www.jardinartificial.es\\\/pt\\\/a-artificial-garden-fornece-a-relva-artificial-para-a-casa-de-ghvip8\\\/\"},\"wordCount\":613,\"commentCount\":0,\"publisher\":{\"@id\":\"https:\\\/\\\/www.jardinartificial.es\\\/pt\\\/#organization\"},\"image\":{\"@id\":\"https:\\\/\\\/www.jardinartificial.es\\\/pt\\\/a-artificial-garden-fornece-a-relva-artificial-para-a-casa-de-ghvip8\\\/#primaryimage\"},\"thumbnailUrl\":\"https:\\\/\\\/www.jardinartificial.es\\\/wp-content\\\/uploads\\\/2023\\\/09\\\/jardin-artificial-gran-hermano-vip-8.jpg\",\"articleSection\":[\"Noticias\"],\"inLanguage\":\"pt-PT\",\"potentialAction\":[{\"@type\":\"CommentAction\",\"name\":\"Comment\",\"target\":[\"https:\\\/\\\/www.jardinartificial.es\\\/pt\\\/a-artificial-garden-fornece-a-relva-artificial-para-a-casa-de-ghvip8\\\/#respond\"]}]},{\"@type\":[\"WebPage\",\"ItemPage\"],\"@id\":\"https:\\\/\\\/www.jardinartificial.es\\\/pt\\\/a-artificial-garden-fornece-a-relva-artificial-para-a-casa-de-ghvip8\\\/\",\"url\":\"https:\\\/\\\/www.jardinartificial.es\\\/pt\\\/a-artificial-garden-fornece-a-relva-artificial-para-a-casa-de-ghvip8\\\/\",\"name\":\"A Artificial Garden fornece a relva artificial para a casa de GHVIP8.\",\"isPartOf\":{\"@id\":\"https:\\\/\\\/www.jardinartificial.es\\\/pt\\\/#website\"},\"primaryImageOfPage\":{\"@id\":\"https:\\\/\\\/www.jardinartificial.es\\\/pt\\\/a-artificial-garden-fornece-a-relva-artificial-para-a-casa-de-ghvip8\\\/#primaryimage\"},\"image\":{\"@id\":\"https:\\\/\\\/www.jardinartificial.es\\\/pt\\\/a-artificial-garden-fornece-a-relva-artificial-para-a-casa-de-ghvip8\\\/#primaryimage\"},\"thumbnailUrl\":\"https:\\\/\\\/www.jardinartificial.es\\\/wp-content\\\/uploads\\\/2023\\\/09\\\/jardin-artificial-gran-hermano-vip-8.jpg\",\"datePublished\":\"2023-09-19T11:50:03+00:00\",\"dateModified\":\"2024-10-29T12:49:36+00:00\",\"description\":\"No Jardim Artificial, estamos entusiasmados por fazer parte da 8\u00aa edi\u00e7\u00e3o do GHVIP. Fornecemos a relva artificial para os parques infantis.\",\"breadcrumb\":{\"@id\":\"https:\\\/\\\/www.jardinartificial.es\\\/pt\\\/a-artificial-garden-fornece-a-relva-artificial-para-a-casa-de-ghvip8\\\/#breadcrumb\"},\"inLanguage\":\"pt-PT\",\"potentialAction\":[{\"@type\":\"ReadAction\",\"target\":[\"https:\\\/\\\/www.jardinartificial.es\\\/pt\\\/a-artificial-garden-fornece-a-relva-artificial-para-a-casa-de-ghvip8\\\/\"]}]},{\"@type\":\"ImageObject\",\"inLanguage\":\"pt-PT\",\"@id\":\"https:\\\/\\\/www.jardinartificial.es\\\/pt\\\/a-artificial-garden-fornece-a-relva-artificial-para-a-casa-de-ghvip8\\\/#primaryimage\",\"url\":\"https:\\\/\\\/www.jardinartificial.es\\\/wp-content\\\/uploads\\\/2023\\\/09\\\/jardin-artificial-gran-hermano-vip-8.jpg\",\"contentUrl\":\"https:\\\/\\\/www.jardinartificial.es\\\/wp-content\\\/uploads\\\/2023\\\/09\\\/jardin-artificial-gran-hermano-vip-8.jpg\",\"width\":2500,\"height\":1667},{\"@type\":\"BreadcrumbList\",\"@id\":\"https:\\\/\\\/www.jardinartificial.es\\\/pt\\\/a-artificial-garden-fornece-a-relva-artificial-para-a-casa-de-ghvip8\\\/#breadcrumb\",\"itemListElement\":[{\"@type\":\"ListItem\",\"position\":1,\"name\":\"Portada\",\"item\":\"https:\\\/\\\/www.jardinartificial.es\\\/pt\\\/\"},{\"@type\":\"ListItem\",\"position\":2,\"name\":\"A Artificial Garden fornece a relva artificial para a casa de GHVIP8.\"}]},{\"@type\":\"WebSite\",\"@id\":\"https:\\\/\\\/www.jardinartificial.es\\\/pt\\\/#website\",\"url\":\"https:\\\/\\\/www.jardinartificial.es\\\/pt\\\/\",\"name\":\"Jard\u00edn Artificial - Venta de C\u00e9sped Artficial\",\"description\":\"C\u00e9sped Artificial barato al corte\",\"publisher\":{\"@id\":\"https:\\\/\\\/www.jardinartificial.es\\\/pt\\\/#organization\"},\"potentialAction\":[{\"@type\":\"SearchAction\",\"target\":{\"@type\":\"EntryPoint\",\"urlTemplate\":\"https:\\\/\\\/www.jardinartificial.es\\\/pt\\\/?s={search_term_string}\"},\"query-input\":{\"@type\":\"PropertyValueSpecification\",\"valueRequired\":true,\"valueName\":\"search_term_string\"}}],\"inLanguage\":\"pt-PT\"},{\"@type\":\"Organization\",\"@id\":\"https:\\\/\\\/www.jardinartificial.es\\\/pt\\\/#organization\",\"name\":\"Jard\u00edn Artificial\",\"url\":\"https:\\\/\\\/www.jardinartificial.es\\\/pt\\\/\",\"logo\":{\"@type\":\"ImageObject\",\"inLanguage\":\"pt-PT\",\"@id\":\"https:\\\/\\\/www.jardinartificial.es\\\/pt\\\/#\\\/schema\\\/logo\\\/image\\\/\",\"url\":\"https:\\\/\\\/www.jardinartificial.es\\\/wp-content\\\/uploads\\\/2023\\\/03\\\/logotipo.svg\",\"contentUrl\":\"https:\\\/\\\/www.jardinartificial.es\\\/wp-content\\\/uploads\\\/2023\\\/03\\\/logotipo.svg\",\"width\":187,\"height\":53,\"caption\":\"Jard\u00edn Artificial\"},\"image\":{\"@id\":\"https:\\\/\\\/www.jardinartificial.es\\\/pt\\\/#\\\/schema\\\/logo\\\/image\\\/\"}},{\"@type\":\"Person\",\"@id\":\"https:\\\/\\\/www.jardinartificial.es\\\/pt\\\/#\\\/schema\\\/person\\\/349992c1cf0a59076eb53a0a55f984aa\",\"name\":\"Starenlared\",\"image\":{\"@type\":\"ImageObject\",\"inLanguage\":\"pt-PT\",\"@id\":\"https:\\\/\\\/secure.gravatar.com\\\/avatar\\\/3b4ab7f22c1235d170addf4acbf3093bcf538f00e3e15ecc23afacf8e0f1dd93?s=96&d=mm&r=g\",\"url\":\"https:\\\/\\\/secure.gravatar.com\\\/avatar\\\/3b4ab7f22c1235d170addf4acbf3093bcf538f00e3e15ecc23afacf8e0f1dd93?s=96&d=mm&r=g\",\"contentUrl\":\"https:\\\/\\\/secure.gravatar.com\\\/avatar\\\/3b4ab7f22c1235d170addf4acbf3093bcf538f00e3e15ecc23afacf8e0f1dd93?s=96&d=mm&r=g\",\"caption\":\"Starenlared\"},\"url\":\"https:\\\/\\\/www.jardinartificial.es\\\/pt\\\/author\\\/starenlared\\\/\"}]}<\/script>\n<!-- \/ Yoast SEO Premium plugin. -->","yoast_head_json":{"title":"A Artificial Garden fornece a relva artificial para a casa de GHVIP8.","description":"No Jardim Artificial, estamos entusiasmados por fazer parte da 8\u00aa edi\u00e7\u00e3o do GHVIP. Fornecemos a relva artificial para os parques infantis.","robots":{"index":"index","follow":"follow","max-snippet":"max-snippet:-1","max-image-preview":"max-image-preview:large","max-video-preview":"max-video-preview:-1"},"canonical":"https:\/\/www.jardinartificial.es\/pt\/a-artificial-garden-fornece-a-relva-artificial-para-a-casa-de-ghvip8\/","og_locale":"pt_PT","og_type":"article","og_title":"A Artificial Garden fornece a relva artificial para a casa de GHVIP8.","og_description":"No Jardim Artificial, estamos entusiasmados por fazer parte da 8\u00aa edi\u00e7\u00e3o do GHVIP. Fornecemos a relva artificial para os parques infantis.","og_url":"https:\/\/www.jardinartificial.es\/pt\/a-artificial-garden-fornece-a-relva-artificial-para-a-casa-de-ghvip8\/","og_site_name":"Jardin Artificial","article_published_time":"2023-09-19T11:50:03+00:00","article_modified_time":"2024-10-29T12:49:36+00:00","og_image":[{"width":1024,"height":683,"url":"https:\/\/www.jardinartificial.es\/wp-content\/uploads\/2023\/09\/jardin-artificial-gran-hermano-vip-8-1024x683.jpg","type":"image\/jpeg"}],"author":"Starenlared","twitter_card":"summary_large_image","twitter_misc":{"Escrito por":"Starenlared","Tempo estimado de leitura":"4 minutos"},"schema":{"@context":"https:\/\/schema.org","@graph":[{"@type":["Article","BlogPosting"],"@id":"https:\/\/www.jardinartificial.es\/pt\/a-artificial-garden-fornece-a-relva-artificial-para-a-casa-de-ghvip8\/#article","isPartOf":{"@id":"https:\/\/www.jardinartificial.es\/pt\/a-artificial-garden-fornece-a-relva-artificial-para-a-casa-de-ghvip8\/"},"author":{"name":"Starenlared","@id":"https:\/\/www.jardinartificial.es\/pt\/#\/schema\/person\/349992c1cf0a59076eb53a0a55f984aa"},"headline":"A Artificial Garden fornece a relva artificial para a casa de GHVIP8.","datePublished":"2023-09-19T11:50:03+00:00","dateModified":"2024-10-29T12:49:36+00:00","mainEntityOfPage":{"@id":"https:\/\/www.jardinartificial.es\/pt\/a-artificial-garden-fornece-a-relva-artificial-para-a-casa-de-ghvip8\/"},"wordCount":613,"commentCount":0,"publisher":{"@id":"https:\/\/www.jardinartificial.es\/pt\/#organization"},"image":{"@id":"https:\/\/www.jardinartificial.es\/pt\/a-artificial-garden-fornece-a-relva-artificial-para-a-casa-de-ghvip8\/#primaryimage"},"thumbnailUrl":"https:\/\/www.jardinartificial.es\/wp-content\/uploads\/2023\/09\/jardin-artificial-gran-hermano-vip-8.jpg","articleSection":["Noticias"],"inLanguage":"pt-PT","potentialAction":[{"@type":"CommentAction","name":"Comment","target":["https:\/\/www.jardinartificial.es\/pt\/a-artificial-garden-fornece-a-relva-artificial-para-a-casa-de-ghvip8\/#respond"]}]},{"@type":["WebPage","ItemPage"],"@id":"https:\/\/www.jardinartificial.es\/pt\/a-artificial-garden-fornece-a-relva-artificial-para-a-casa-de-ghvip8\/","url":"https:\/\/www.jardinartificial.es\/pt\/a-artificial-garden-fornece-a-relva-artificial-para-a-casa-de-ghvip8\/","name":"A Artificial Garden fornece a relva artificial para a casa de GHVIP8.","isPartOf":{"@id":"https:\/\/www.jardinartificial.es\/pt\/#website"},"primaryImageOfPage":{"@id":"https:\/\/www.jardinartificial.es\/pt\/a-artificial-garden-fornece-a-relva-artificial-para-a-casa-de-ghvip8\/#primaryimage"},"image":{"@id":"https:\/\/www.jardinartificial.es\/pt\/a-artificial-garden-fornece-a-relva-artificial-para-a-casa-de-ghvip8\/#primaryimage"},"thumbnailUrl":"https:\/\/www.jardinartificial.es\/wp-content\/uploads\/2023\/09\/jardin-artificial-gran-hermano-vip-8.jpg","datePublished":"2023-09-19T11:50:03+00:00","dateModified":"2024-10-29T12:49:36+00:00","description":"No Jardim Artificial, estamos entusiasmados por fazer parte da 8\u00aa edi\u00e7\u00e3o do GHVIP. Fornecemos a relva artificial para os parques infantis.","breadcrumb":{"@id":"https:\/\/www.jardinartificial.es\/pt\/a-artificial-garden-fornece-a-relva-artificial-para-a-casa-de-ghvip8\/#breadcrumb"},"inLanguage":"pt-PT","potentialAction":[{"@type":"ReadAction","target":["https:\/\/www.jardinartificial.es\/pt\/a-artificial-garden-fornece-a-relva-artificial-para-a-casa-de-ghvip8\/"]}]},{"@type":"ImageObject","inLanguage":"pt-PT","@id":"https:\/\/www.jardinartificial.es\/pt\/a-artificial-garden-fornece-a-relva-artificial-para-a-casa-de-ghvip8\/#primaryimage","url":"https:\/\/www.jardinartificial.es\/wp-content\/uploads\/2023\/09\/jardin-artificial-gran-hermano-vip-8.jpg","contentUrl":"https:\/\/www.jardinartificial.es\/wp-content\/uploads\/2023\/09\/jardin-artificial-gran-hermano-vip-8.jpg","width":2500,"height":1667},{"@type":"BreadcrumbList","@id":"https:\/\/www.jardinartificial.es\/pt\/a-artificial-garden-fornece-a-relva-artificial-para-a-casa-de-ghvip8\/#breadcrumb","itemListElement":[{"@type":"ListItem","position":1,"name":"Portada","item":"https:\/\/www.jardinartificial.es\/pt\/"},{"@type":"ListItem","position":2,"name":"A Artificial Garden fornece a relva artificial para a casa de GHVIP8."}]},{"@type":"WebSite","@id":"https:\/\/www.jardinartificial.es\/pt\/#website","url":"https:\/\/www.jardinartificial.es\/pt\/","name":"Jard\u00edn Artificial - Venta de C\u00e9sped Artficial","description":"C\u00e9sped Artificial barato al corte","publisher":{"@id":"https:\/\/www.jardinartificial.es\/pt\/#organization"},"potentialAction":[{"@type":"SearchAction","target":{"@type":"EntryPoint","urlTemplate":"https:\/\/www.jardinartificial.es\/pt\/?s={search_term_string}"},"query-input":{"@type":"PropertyValueSpecification","valueRequired":true,"valueName":"search_term_string"}}],"inLanguage":"pt-PT"},{"@type":"Organization","@id":"https:\/\/www.jardinartificial.es\/pt\/#organization","name":"Jard\u00edn Artificial","url":"https:\/\/www.jardinartificial.es\/pt\/","logo":{"@type":"ImageObject","inLanguage":"pt-PT","@id":"https:\/\/www.jardinartificial.es\/pt\/#\/schema\/logo\/image\/","url":"https:\/\/www.jardinartificial.es\/wp-content\/uploads\/2023\/03\/logotipo.svg","contentUrl":"https:\/\/www.jardinartificial.es\/wp-content\/uploads\/2023\/03\/logotipo.svg","width":187,"height":53,"caption":"Jard\u00edn Artificial"},"image":{"@id":"https:\/\/www.jardinartificial.es\/pt\/#\/schema\/logo\/image\/"}},{"@type":"Person","@id":"https:\/\/www.jardinartificial.es\/pt\/#\/schema\/person\/349992c1cf0a59076eb53a0a55f984aa","name":"Starenlared","image":{"@type":"ImageObject","inLanguage":"pt-PT","@id":"https:\/\/secure.gravatar.com\/avatar\/3b4ab7f22c1235d170addf4acbf3093bcf538f00e3e15ecc23afacf8e0f1dd93?s=96&d=mm&r=g","url":"https:\/\/secure.gravatar.com\/avatar\/3b4ab7f22c1235d170addf4acbf3093bcf538f00e3e15ecc23afacf8e0f1dd93?s=96&d=mm&r=g","contentUrl":"https:\/\/secure.gravatar.com\/avatar\/3b4ab7f22c1235d170addf4acbf3093bcf538f00e3e15ecc23afacf8e0f1dd93?s=96&d=mm&r=g","caption":"Starenlared"},"url":"https:\/\/www.jardinartificial.es\/pt\/author\/starenlared\/"}]}},"_links":{"self":[{"href":"https:\/\/www.jardinartificial.es\/pt\/wp-json\/wp\/v2\/posts\/77337","targetHints":{"allow":["GET"]}}],"collection":[{"href":"https:\/\/www.jardinartificial.es\/pt\/wp-json\/wp\/v2\/posts"}],"about":[{"href":"https:\/\/www.jardinartificial.es\/pt\/wp-json\/wp\/v2\/types\/post"}],"author":[{"embeddable":true,"href":"https:\/\/www.jardinartificial.es\/pt\/wp-json\/wp\/v2\/users\/2535"}],"replies":[{"embeddable":true,"href":"https:\/\/www.jardinartificial.es\/pt\/wp-json\/wp\/v2\/comments?post=77337"}],"version-history":[{"count":0,"href":"https:\/\/www.jardinartificial.es\/pt\/wp-json\/wp\/v2\/posts\/77337\/revisions"}],"wp:featuredmedia":[{"embeddable":true,"href":"https:\/\/www.jardinartificial.es\/pt\/wp-json\/wp\/v2\/media\/77342"}],"wp:attachment":[{"href":"https:\/\/www.jardinartificial.es\/pt\/wp-json\/wp\/v2\/media?parent=77337"}],"wp:term":[{"taxonomy":"category","embeddable":true,"href":"https:\/\/www.jardinartificial.es\/pt\/wp-json\/wp\/v2\/categories?post=77337"},{"taxonomy":"post_tag","embeddable":true,"href":"https:\/\/www.jardinartificial.es\/pt\/wp-json\/wp\/v2\/tags?post=77337"}],"curies":[{"name":"wp","href":"https:\/\/api.w.org\/{rel}","templated":true}]}}