{"id":77306,"date":"2024-03-11T12:10:42","date_gmt":"2024-03-11T11:10:42","guid":{"rendered":"https:\/\/www.jardinartificial.es\/transforma-a-tua-casa-num-oasis-de-bem-estar-com-relva-artificial-2\/"},"modified":"2025-07-15T13:00:14","modified_gmt":"2025-07-15T11:00:14","slug":"transforma-a-tua-casa-num-oasis-de-bem-estar-com-relva-artificial","status":"publish","type":"post","link":"https:\/\/www.jardinartificial.es\/pt\/transforma-a-tua-casa-num-oasis-de-bem-estar-com-relva-artificial\/","title":{"rendered":"Transforma a tua casa num o\u00e1sis de bem-estar com relva artificial"},"content":{"rendered":"\n<h2 class=\"wp-block-heading\" id=\"h-ideias-de-decoracao-para-espacos-interiores-e-exteriores\"><strong>Ideias de decora\u00e7\u00e3o para espa\u00e7os interiores e exteriores<\/strong><\/h2>\n\n\n\n<p>Com a chegada do bom tempo, todos desejamos desfrutar da <strong>natureza<\/strong> rodeados de um <strong>ambiente agrad\u00e1vel e fresco.<\/strong> Que melhor maneira de o conseguir do que <strong>decorar o teu terra\u00e7o, p\u00e1tio ou jardim<\/strong> com relva artificial ou o teu<strong> apartamento<\/strong> ou sala de <strong>estar<\/strong> com jardins verticais artificiais?  <\/p>\n\n\n\n<p>Neste artigo, damos-te <strong>algumas ideias <\/strong>para <strong>criar espa\u00e7os acolhedores e relaxantes<\/strong> utilizando <a href=\"https:\/\/www.jardinartificial.es\/pt\/cesped-artificial-pt\/\"><br>  <strong>relva artificial<\/strong><br><\/a> o <a href=\"https:\/\/www.jardinartificial.es\/pt\/jardin-vertical-artificial-pt\/\"><br>  <strong>jardins verticais artificiais<\/strong><br><\/a>ideais para <strong>desfrutar de<\/strong> <strong>momentos inesquec\u00edveis<\/strong> com os amigos e a fam\u00edlia, ou simplesmente para <strong>relaxar<\/strong> com o teu livro preferido.<\/p>\n\n\n\n<h3 class=\"wp-block-heading\" id=\"h-espacos-exteriores-que-podes-decorar-com-relva-artificial\"><strong>Espa\u00e7os exteriores que podes decorar com relva artificial<\/strong><\/h3>\n\n\n\n<h4 class=\"wp-block-heading\" id=\"h-terracos-com-relva-e-plantas-artificiais\"><strong>Terra\u00e7os com relva e plantas artificiais<\/strong><\/h4>\n\n\n\n<p>Para quem tem um terra\u00e7o,<strong> <\/strong><a href=\"https:\/\/www.jardinartificial.es\/pt\/decora-o-teu-jardim-e-o-teu-terraco-com-relva-artificial-e-desfruta-do-teu-espaco-exterior\/\"><strong>instala\u00e7\u00e3o de relva artificial<\/strong><\/a><strong> <\/strong>pode dar-te a sensa\u00e7\u00e3o de estares num <strong>ambiente mais natural<\/strong>. Mesmo em <strong>pequenos terra\u00e7os<\/strong>, uma <strong>mesa e cadeiras de madeira<\/strong>, juntamente com algumas plantas artificiais e um <a href=\"https:\/\/www.jardinartificial.es\/pt\/plantas-artificiales-pt\/\"><br>  <strong>plantas artificiais<\/strong><br><\/a> pode tornar o espa\u00e7o <strong>mais acolhedor<\/strong>.<\/p>\n\n\n\n<p>Em <strong>terra\u00e7os maiores<\/strong>, a <strong>defini\u00e7\u00e3o de diferentes espa\u00e7os<\/strong>com <strong>mobili\u00e1rio de jardim<\/strong>, como mesas e cadeiras para <strong>refei\u00e7\u00f5es ao ar livre<\/strong> ou uma <strong>\u00e1rea de conforto<\/strong> com um sof\u00e1 de canto, oferece a oportunidade de tirar <strong>o m\u00e1ximo partido do espa\u00e7o<\/strong>. Se tamb\u00e9m tiveres um <strong>toldo <\/strong>para <strong>dar sombra<\/strong>, a experi\u00eancia ser\u00e1 ainda <strong>mais agrad\u00e1vel<\/strong>.<\/p>\n\n\n\n<h4 class=\"wp-block-heading\" id=\"h-patios-com-relva-artificial\"><strong>P\u00e1tios com relva artificial<\/strong><\/h4>\n\n\n\n<p><strong>Os p\u00e1tios com terra ou lajes<\/strong> podem ser facilmente transformados com a <strong>instala\u00e7\u00e3o de relva artificial<\/strong>, criando um<strong> ambiente muito mais agrad\u00e1vel e natural<\/strong>. Um <strong>conjunto de mobili\u00e1rio de jardim<\/strong> (hoje em dia, existem modelos de muitos estilos diferentes: minimalista, \u00e9tnico, n\u00f3rdico&#8230;) proporcionar\u00e1 <strong>conforto<\/strong> e um local perfeito para <strong>relaxar<\/strong>.  <\/p>\n\n\n\n<p>As <a href=\"https:\/\/www.jardinartificial.es\/pt\/plantas-artificiales-pt\/\"><br>  <strong>plantas artificiais<\/strong><br><\/a> dar\u00e3o <strong>cor e vida ao espa\u00e7o<\/strong>, refor\u00e7ando a sensa\u00e7\u00e3o de estar num <strong>o\u00e1sis verde de bem-estar. Se o completares com luzes ambiente para usar ao anoitecer, o resultado ser\u00e1 espetacular.<\/strong><\/p>\n\n\n\n<h4 class=\"wp-block-heading\" id=\"h-jardins\"><strong>Jardins<\/strong><\/h4>\n\n\n\n<p>Se tens um <strong>jardim <\/strong>que inclui um <strong>alpendre ou uma p\u00e9rgola<\/strong>, <a href=\"https:\/\/www.jardinartificial.es\/pt\/decora-o-teu-jardim-e-o-teu-terraco-com-relva-artificial-e-desfruta-do-teu-espaco-exterior\/\"><br>  <strong>instalando relva artificial<\/strong><br><\/a> podes criar um <strong>ambiente fresco e agrad\u00e1vel<\/strong> onde te podes abrigar do sol de ver\u00e3o. <strong>As pedras e a vegeta\u00e7\u00e3o natural<\/strong> podem complementar o espa\u00e7o, tornando-o ainda <strong>mais acolhedor<\/strong>. Os <strong>m\u00f3veis de r\u00e1fia <\/strong>integram-se perfeitamente neste ambiente, enquanto as<strong> almofadas coloridas<\/strong> d\u00e3o um toque de conforto e de estilo personalizado.<\/p>\n\n\n\n<p>Em qualquer um destes espa\u00e7os exteriores, podes dar o toque final \u00e0 decora\u00e7\u00e3o com um jardim vertical artificial. <a href=\"https:\/\/www.jardinartificial.es\/pt\/jardin-vertical-artificial-pt\/\"><br>  <strong>jardim vertical artificial<\/strong><br><\/a> numa das paredes. Isto n\u00e3o s\u00f3 embelezar\u00e1 o ambiente, como tamb\u00e9m contribuir\u00e1 para uma atmosfera fresca e acolhedora.<\/p>\n\n\n\n<h3 class=\"wp-block-heading\" id=\"h-apartamentos-e-espacos-pequenos-que-podem-ser-decorados-com-relva-artificial\"><strong>Apartamentos e espa\u00e7os pequenos que podem ser decorados com relva artificial<\/strong><\/h3>\n\n\n\n<p>Em apartamentos e espa\u00e7os pequenos, tamb\u00e9m \u00e9 poss\u00edvel<strong> integrar elementos <\/strong>que fazem lembrar a<strong> natureza<\/strong> e <strong>criam <\/strong>uma <strong>atmosfera <\/strong> <strong>acolhedora<\/strong>. Os <a href=\"https:\/\/www.jardinartificial.es\/pt\/jardin-vertical-artificial-pt\/\"><br>  <strong>jardins verticais artificiais<\/strong><br><\/a> podem ser pendurados <strong>nas paredes<\/strong> para dar um toque de frescura sem ocupar espa\u00e7o no ch\u00e3o. Complementa estes elementos <strong>com vasos de plantas artificiais<\/strong> em prateleiras ou mesas de apoio para criar um <strong>ambiente natural e acolhedor<\/strong> em qualquer canto da tua casa.<\/p>\n\n\n\n<p>Quer tenhas um grande jardim, um pequeno terra\u00e7o ou um apartamento na cidade, renova-o com a <strong>instala\u00e7\u00e3o <\/strong>de <a href=\"https:\/\/www.jardinartificial.es\/pt\/cesped-artificial-pt\/\"><br>  <strong>relva artificial<\/strong><br><\/a> e um <strong>decora\u00e7\u00e3o adequada.<\/strong> Atreve-te<strong>  d\u00e1-lhes uma nova vida.<\/strong> O teu O <strong>espa\u00e7o exterior<\/strong> ou <strong>interior<\/strong> ser\u00e1 transformado num <strong>o\u00e1sis de bem-estar<\/strong> onde poder\u00e1s <strong>relaxar<\/strong> e <strong>desfrutar de momentos inesquec\u00edveis <\/strong>com os teus entes queridos, independentemente da sua dimens\u00e3o.<\/p>\n\n\n\n<p>Visita a nossa <a href=\"https:\/\/www.jardinartificial.es\/pt\/\"><br>  <strong>loja online<\/strong><br><\/a> para escolheres a tua <a href=\"https:\/\/www.jardinartificial.es\/pt\/cesped-artificial-pt\/\"><br>  <strong>relva artificial<\/strong><br><\/a> ou o teu <a href=\"https:\/\/www.jardinartificial.es\/pt\/jardin-vertical-artificial-pt\/\"><br>  <strong>jardim vertical<\/strong><br><\/a> que melhor se adapta aos teus desejos e necessidades. No <strong>Jardim Artificial <\/strong>podes <strong>encontrar tudo o que<\/strong> possas imaginar!<\/p>\n","protected":false},"excerpt":{"rendered":"<p>Ideias de decora\u00e7\u00e3o para espa\u00e7os interiores e exteriores Com a chegada do bom tempo, todos desejamos desfrutar da natureza rodeados de um ambiente agrad\u00e1vel e fresco. Que melhor maneira de o conseguir do que decorar o teu terra\u00e7o, p\u00e1tio ou jardim com relva artificial ou o teu apartamento ou sala de estar com jardins verticais &#8230; <a title=\"Transforma a tua casa num o\u00e1sis de bem-estar com relva artificial\" class=\"read-more\" href=\"https:\/\/www.jardinartificial.es\/pt\/transforma-a-tua-casa-num-oasis-de-bem-estar-com-relva-artificial\/\" aria-label=\"Leia mais sobre Transforma a tua casa num o\u00e1sis de bem-estar com relva artificial\">Ler mais<\/a><\/p>\n","protected":false},"author":2535,"featured_media":77312,"comment_status":"open","ping_status":"open","sticky":false,"template":"","format":"standard","meta":{"_acf_changed":false,"footnotes":""},"categories":[732,731],"tags":[],"class_list":["post-77306","post","type-post","status-publish","format-standard","has-post-thumbnail","hentry","category-blog-pt","category-consejos-pt"],"acf":[],"yoast_head":"<!-- This site is optimized with the Yoast SEO Premium plugin v27.4 (Yoast SEO v27.4) - https:\/\/yoast.com\/product\/yoast-seo-premium-wordpress\/ -->\n<title>Relva artificial: Transforma a tua casa num o\u00e1sis de bem-estar<\/title>\n<meta name=\"description\" content=\"Ideias para criar espa\u00e7os acolhedores e relaxantes com relva artificial ou jardins verticais artificiais, ideais para desfrutar.\" \/>\n<meta name=\"robots\" content=\"index, follow, max-snippet:-1, max-image-preview:large, max-video-preview:-1\" \/>\n<link rel=\"canonical\" href=\"https:\/\/www.jardinartificial.es\/pt\/transforma-a-tua-casa-num-oasis-de-bem-estar-com-relva-artificial\/\" \/>\n<meta property=\"og:locale\" content=\"pt_PT\" \/>\n<meta property=\"og:type\" content=\"article\" \/>\n<meta property=\"og:title\" content=\"Transforma a tua casa num o\u00e1sis de bem-estar com relva artificial\" \/>\n<meta property=\"og:description\" content=\"Ideias para criar espa\u00e7os acolhedores e relaxantes com relva artificial ou jardins verticais artificiais, ideais para desfrutar.\" \/>\n<meta property=\"og:url\" content=\"https:\/\/www.jardinartificial.es\/pt\/transforma-a-tua-casa-num-oasis-de-bem-estar-com-relva-artificial\/\" \/>\n<meta property=\"og:site_name\" content=\"Jardin Artificial\" \/>\n<meta property=\"article:published_time\" content=\"2024-03-11T11:10:42+00:00\" \/>\n<meta property=\"article:modified_time\" content=\"2025-07-15T11:00:14+00:00\" \/>\n<meta property=\"og:image\" content=\"https:\/\/www.jardinartificial.es\/wp-content\/uploads\/2024\/04\/cesped-artificial-decorar-espacios-1.jpg\" \/>\n\t<meta property=\"og:image:width\" content=\"2048\" \/>\n\t<meta property=\"og:image:height\" content=\"1366\" \/>\n\t<meta property=\"og:image:type\" content=\"image\/jpeg\" \/>\n<meta name=\"author\" content=\"Starenlared\" \/>\n<meta name=\"twitter:card\" content=\"summary_large_image\" \/>\n<meta name=\"twitter:label1\" content=\"Escrito por\" \/>\n\t<meta name=\"twitter:data1\" content=\"Starenlared\" \/>\n\t<meta name=\"twitter:label2\" content=\"Tempo estimado de leitura\" \/>\n\t<meta name=\"twitter:data2\" content=\"3 minutos\" \/>\n<script type=\"application\/ld+json\" class=\"yoast-schema-graph\">{\"@context\":\"https:\\\/\\\/schema.org\",\"@graph\":[{\"@type\":[\"Article\",\"BlogPosting\"],\"@id\":\"https:\\\/\\\/www.jardinartificial.es\\\/pt\\\/transforma-a-tua-casa-num-oasis-de-bem-estar-com-relva-artificial\\\/#article\",\"isPartOf\":{\"@id\":\"https:\\\/\\\/www.jardinartificial.es\\\/pt\\\/transforma-a-tua-casa-num-oasis-de-bem-estar-com-relva-artificial\\\/\"},\"author\":{\"name\":\"Starenlared\",\"@id\":\"https:\\\/\\\/www.jardinartificial.es\\\/pt\\\/#\\\/schema\\\/person\\\/349992c1cf0a59076eb53a0a55f984aa\"},\"headline\":\"Transforma a tua casa num o\u00e1sis de bem-estar com relva artificial\",\"datePublished\":\"2024-03-11T11:10:42+00:00\",\"dateModified\":\"2025-07-15T11:00:14+00:00\",\"mainEntityOfPage\":{\"@id\":\"https:\\\/\\\/www.jardinartificial.es\\\/pt\\\/transforma-a-tua-casa-num-oasis-de-bem-estar-com-relva-artificial\\\/\"},\"wordCount\":643,\"commentCount\":0,\"publisher\":{\"@id\":\"https:\\\/\\\/www.jardinartificial.es\\\/pt\\\/#organization\"},\"image\":{\"@id\":\"https:\\\/\\\/www.jardinartificial.es\\\/pt\\\/transforma-a-tua-casa-num-oasis-de-bem-estar-com-relva-artificial\\\/#primaryimage\"},\"thumbnailUrl\":\"https:\\\/\\\/www.jardinartificial.es\\\/wp-content\\\/uploads\\\/2024\\\/04\\\/cesped-artificial-decorar-espacios-1.jpg\",\"articleSection\":[\"Blog\",\"Consejos\"],\"inLanguage\":\"pt-PT\",\"potentialAction\":[{\"@type\":\"CommentAction\",\"name\":\"Comment\",\"target\":[\"https:\\\/\\\/www.jardinartificial.es\\\/pt\\\/transforma-a-tua-casa-num-oasis-de-bem-estar-com-relva-artificial\\\/#respond\"]}]},{\"@type\":[\"WebPage\",\"ItemPage\"],\"@id\":\"https:\\\/\\\/www.jardinartificial.es\\\/pt\\\/transforma-a-tua-casa-num-oasis-de-bem-estar-com-relva-artificial\\\/\",\"url\":\"https:\\\/\\\/www.jardinartificial.es\\\/pt\\\/transforma-a-tua-casa-num-oasis-de-bem-estar-com-relva-artificial\\\/\",\"name\":\"Relva artificial: Transforma a tua casa num o\u00e1sis de bem-estar\",\"isPartOf\":{\"@id\":\"https:\\\/\\\/www.jardinartificial.es\\\/pt\\\/#website\"},\"primaryImageOfPage\":{\"@id\":\"https:\\\/\\\/www.jardinartificial.es\\\/pt\\\/transforma-a-tua-casa-num-oasis-de-bem-estar-com-relva-artificial\\\/#primaryimage\"},\"image\":{\"@id\":\"https:\\\/\\\/www.jardinartificial.es\\\/pt\\\/transforma-a-tua-casa-num-oasis-de-bem-estar-com-relva-artificial\\\/#primaryimage\"},\"thumbnailUrl\":\"https:\\\/\\\/www.jardinartificial.es\\\/wp-content\\\/uploads\\\/2024\\\/04\\\/cesped-artificial-decorar-espacios-1.jpg\",\"datePublished\":\"2024-03-11T11:10:42+00:00\",\"dateModified\":\"2025-07-15T11:00:14+00:00\",\"description\":\"Ideias para criar espa\u00e7os acolhedores e relaxantes com relva artificial ou jardins verticais artificiais, ideais para desfrutar.\",\"breadcrumb\":{\"@id\":\"https:\\\/\\\/www.jardinartificial.es\\\/pt\\\/transforma-a-tua-casa-num-oasis-de-bem-estar-com-relva-artificial\\\/#breadcrumb\"},\"inLanguage\":\"pt-PT\",\"potentialAction\":[{\"@type\":\"ReadAction\",\"target\":[\"https:\\\/\\\/www.jardinartificial.es\\\/pt\\\/transforma-a-tua-casa-num-oasis-de-bem-estar-com-relva-artificial\\\/\"]}]},{\"@type\":\"ImageObject\",\"inLanguage\":\"pt-PT\",\"@id\":\"https:\\\/\\\/www.jardinartificial.es\\\/pt\\\/transforma-a-tua-casa-num-oasis-de-bem-estar-com-relva-artificial\\\/#primaryimage\",\"url\":\"https:\\\/\\\/www.jardinartificial.es\\\/wp-content\\\/uploads\\\/2024\\\/04\\\/cesped-artificial-decorar-espacios-1.jpg\",\"contentUrl\":\"https:\\\/\\\/www.jardinartificial.es\\\/wp-content\\\/uploads\\\/2024\\\/04\\\/cesped-artificial-decorar-espacios-1.jpg\",\"width\":2048,\"height\":1366},{\"@type\":\"BreadcrumbList\",\"@id\":\"https:\\\/\\\/www.jardinartificial.es\\\/pt\\\/transforma-a-tua-casa-num-oasis-de-bem-estar-com-relva-artificial\\\/#breadcrumb\",\"itemListElement\":[{\"@type\":\"ListItem\",\"position\":1,\"name\":\"Portada\",\"item\":\"https:\\\/\\\/www.jardinartificial.es\\\/pt\\\/casa\\\/\"},{\"@type\":\"ListItem\",\"position\":2,\"name\":\"Transforma a tua casa num o\u00e1sis de bem-estar com relva artificial\"}]},{\"@type\":\"WebSite\",\"@id\":\"https:\\\/\\\/www.jardinartificial.es\\\/pt\\\/#website\",\"url\":\"https:\\\/\\\/www.jardinartificial.es\\\/pt\\\/\",\"name\":\"Jard\u00edn Artificial - Venta de C\u00e9sped Artficial\",\"description\":\"C\u00e9sped Artificial barato al corte\",\"publisher\":{\"@id\":\"https:\\\/\\\/www.jardinartificial.es\\\/pt\\\/#organization\"},\"potentialAction\":[{\"@type\":\"SearchAction\",\"target\":{\"@type\":\"EntryPoint\",\"urlTemplate\":\"https:\\\/\\\/www.jardinartificial.es\\\/pt\\\/?s={search_term_string}\"},\"query-input\":{\"@type\":\"PropertyValueSpecification\",\"valueRequired\":true,\"valueName\":\"search_term_string\"}}],\"inLanguage\":\"pt-PT\"},{\"@type\":\"Organization\",\"@id\":\"https:\\\/\\\/www.jardinartificial.es\\\/pt\\\/#organization\",\"name\":\"Jard\u00edn Artificial\",\"url\":\"https:\\\/\\\/www.jardinartificial.es\\\/pt\\\/\",\"logo\":{\"@type\":\"ImageObject\",\"inLanguage\":\"pt-PT\",\"@id\":\"https:\\\/\\\/www.jardinartificial.es\\\/pt\\\/#\\\/schema\\\/logo\\\/image\\\/\",\"url\":\"https:\\\/\\\/www.jardinartificial.es\\\/wp-content\\\/uploads\\\/2023\\\/03\\\/logotipo.svg\",\"contentUrl\":\"https:\\\/\\\/www.jardinartificial.es\\\/wp-content\\\/uploads\\\/2023\\\/03\\\/logotipo.svg\",\"width\":187,\"height\":53,\"caption\":\"Jard\u00edn Artificial\"},\"image\":{\"@id\":\"https:\\\/\\\/www.jardinartificial.es\\\/pt\\\/#\\\/schema\\\/logo\\\/image\\\/\"}},{\"@type\":\"Person\",\"@id\":\"https:\\\/\\\/www.jardinartificial.es\\\/pt\\\/#\\\/schema\\\/person\\\/349992c1cf0a59076eb53a0a55f984aa\",\"name\":\"Starenlared\",\"image\":{\"@type\":\"ImageObject\",\"inLanguage\":\"pt-PT\",\"@id\":\"https:\\\/\\\/secure.gravatar.com\\\/avatar\\\/3b4ab7f22c1235d170addf4acbf3093bcf538f00e3e15ecc23afacf8e0f1dd93?s=96&d=mm&r=g\",\"url\":\"https:\\\/\\\/secure.gravatar.com\\\/avatar\\\/3b4ab7f22c1235d170addf4acbf3093bcf538f00e3e15ecc23afacf8e0f1dd93?s=96&d=mm&r=g\",\"contentUrl\":\"https:\\\/\\\/secure.gravatar.com\\\/avatar\\\/3b4ab7f22c1235d170addf4acbf3093bcf538f00e3e15ecc23afacf8e0f1dd93?s=96&d=mm&r=g\",\"caption\":\"Starenlared\"},\"url\":\"https:\\\/\\\/www.jardinartificial.es\\\/pt\\\/author\\\/starenlared\\\/\"}]}<\/script>\n<!-- \/ Yoast SEO Premium plugin. -->","yoast_head_json":{"title":"Relva artificial: Transforma a tua casa num o\u00e1sis de bem-estar","description":"Ideias para criar espa\u00e7os acolhedores e relaxantes com relva artificial ou jardins verticais artificiais, ideais para desfrutar.","robots":{"index":"index","follow":"follow","max-snippet":"max-snippet:-1","max-image-preview":"max-image-preview:large","max-video-preview":"max-video-preview:-1"},"canonical":"https:\/\/www.jardinartificial.es\/pt\/transforma-a-tua-casa-num-oasis-de-bem-estar-com-relva-artificial\/","og_locale":"pt_PT","og_type":"article","og_title":"Transforma a tua casa num o\u00e1sis de bem-estar com relva artificial","og_description":"Ideias para criar espa\u00e7os acolhedores e relaxantes com relva artificial ou jardins verticais artificiais, ideais para desfrutar.","og_url":"https:\/\/www.jardinartificial.es\/pt\/transforma-a-tua-casa-num-oasis-de-bem-estar-com-relva-artificial\/","og_site_name":"Jardin Artificial","article_published_time":"2024-03-11T11:10:42+00:00","article_modified_time":"2025-07-15T11:00:14+00:00","og_image":[{"width":2048,"height":1366,"url":"https:\/\/www.jardinartificial.es\/wp-content\/uploads\/2024\/04\/cesped-artificial-decorar-espacios-1.jpg","type":"image\/jpeg"}],"author":"Starenlared","twitter_card":"summary_large_image","twitter_misc":{"Escrito por":"Starenlared","Tempo estimado de leitura":"3 minutos"},"schema":{"@context":"https:\/\/schema.org","@graph":[{"@type":["Article","BlogPosting"],"@id":"https:\/\/www.jardinartificial.es\/pt\/transforma-a-tua-casa-num-oasis-de-bem-estar-com-relva-artificial\/#article","isPartOf":{"@id":"https:\/\/www.jardinartificial.es\/pt\/transforma-a-tua-casa-num-oasis-de-bem-estar-com-relva-artificial\/"},"author":{"name":"Starenlared","@id":"https:\/\/www.jardinartificial.es\/pt\/#\/schema\/person\/349992c1cf0a59076eb53a0a55f984aa"},"headline":"Transforma a tua casa num o\u00e1sis de bem-estar com relva artificial","datePublished":"2024-03-11T11:10:42+00:00","dateModified":"2025-07-15T11:00:14+00:00","mainEntityOfPage":{"@id":"https:\/\/www.jardinartificial.es\/pt\/transforma-a-tua-casa-num-oasis-de-bem-estar-com-relva-artificial\/"},"wordCount":643,"commentCount":0,"publisher":{"@id":"https:\/\/www.jardinartificial.es\/pt\/#organization"},"image":{"@id":"https:\/\/www.jardinartificial.es\/pt\/transforma-a-tua-casa-num-oasis-de-bem-estar-com-relva-artificial\/#primaryimage"},"thumbnailUrl":"https:\/\/www.jardinartificial.es\/wp-content\/uploads\/2024\/04\/cesped-artificial-decorar-espacios-1.jpg","articleSection":["Blog","Consejos"],"inLanguage":"pt-PT","potentialAction":[{"@type":"CommentAction","name":"Comment","target":["https:\/\/www.jardinartificial.es\/pt\/transforma-a-tua-casa-num-oasis-de-bem-estar-com-relva-artificial\/#respond"]}]},{"@type":["WebPage","ItemPage"],"@id":"https:\/\/www.jardinartificial.es\/pt\/transforma-a-tua-casa-num-oasis-de-bem-estar-com-relva-artificial\/","url":"https:\/\/www.jardinartificial.es\/pt\/transforma-a-tua-casa-num-oasis-de-bem-estar-com-relva-artificial\/","name":"Relva artificial: Transforma a tua casa num o\u00e1sis de bem-estar","isPartOf":{"@id":"https:\/\/www.jardinartificial.es\/pt\/#website"},"primaryImageOfPage":{"@id":"https:\/\/www.jardinartificial.es\/pt\/transforma-a-tua-casa-num-oasis-de-bem-estar-com-relva-artificial\/#primaryimage"},"image":{"@id":"https:\/\/www.jardinartificial.es\/pt\/transforma-a-tua-casa-num-oasis-de-bem-estar-com-relva-artificial\/#primaryimage"},"thumbnailUrl":"https:\/\/www.jardinartificial.es\/wp-content\/uploads\/2024\/04\/cesped-artificial-decorar-espacios-1.jpg","datePublished":"2024-03-11T11:10:42+00:00","dateModified":"2025-07-15T11:00:14+00:00","description":"Ideias para criar espa\u00e7os acolhedores e relaxantes com relva artificial ou jardins verticais artificiais, ideais para desfrutar.","breadcrumb":{"@id":"https:\/\/www.jardinartificial.es\/pt\/transforma-a-tua-casa-num-oasis-de-bem-estar-com-relva-artificial\/#breadcrumb"},"inLanguage":"pt-PT","potentialAction":[{"@type":"ReadAction","target":["https:\/\/www.jardinartificial.es\/pt\/transforma-a-tua-casa-num-oasis-de-bem-estar-com-relva-artificial\/"]}]},{"@type":"ImageObject","inLanguage":"pt-PT","@id":"https:\/\/www.jardinartificial.es\/pt\/transforma-a-tua-casa-num-oasis-de-bem-estar-com-relva-artificial\/#primaryimage","url":"https:\/\/www.jardinartificial.es\/wp-content\/uploads\/2024\/04\/cesped-artificial-decorar-espacios-1.jpg","contentUrl":"https:\/\/www.jardinartificial.es\/wp-content\/uploads\/2024\/04\/cesped-artificial-decorar-espacios-1.jpg","width":2048,"height":1366},{"@type":"BreadcrumbList","@id":"https:\/\/www.jardinartificial.es\/pt\/transforma-a-tua-casa-num-oasis-de-bem-estar-com-relva-artificial\/#breadcrumb","itemListElement":[{"@type":"ListItem","position":1,"name":"Portada","item":"https:\/\/www.jardinartificial.es\/pt\/casa\/"},{"@type":"ListItem","position":2,"name":"Transforma a tua casa num o\u00e1sis de bem-estar com relva artificial"}]},{"@type":"WebSite","@id":"https:\/\/www.jardinartificial.es\/pt\/#website","url":"https:\/\/www.jardinartificial.es\/pt\/","name":"Jard\u00edn Artificial - Venta de C\u00e9sped Artficial","description":"C\u00e9sped Artificial barato al corte","publisher":{"@id":"https:\/\/www.jardinartificial.es\/pt\/#organization"},"potentialAction":[{"@type":"SearchAction","target":{"@type":"EntryPoint","urlTemplate":"https:\/\/www.jardinartificial.es\/pt\/?s={search_term_string}"},"query-input":{"@type":"PropertyValueSpecification","valueRequired":true,"valueName":"search_term_string"}}],"inLanguage":"pt-PT"},{"@type":"Organization","@id":"https:\/\/www.jardinartificial.es\/pt\/#organization","name":"Jard\u00edn Artificial","url":"https:\/\/www.jardinartificial.es\/pt\/","logo":{"@type":"ImageObject","inLanguage":"pt-PT","@id":"https:\/\/www.jardinartificial.es\/pt\/#\/schema\/logo\/image\/","url":"https:\/\/www.jardinartificial.es\/wp-content\/uploads\/2023\/03\/logotipo.svg","contentUrl":"https:\/\/www.jardinartificial.es\/wp-content\/uploads\/2023\/03\/logotipo.svg","width":187,"height":53,"caption":"Jard\u00edn Artificial"},"image":{"@id":"https:\/\/www.jardinartificial.es\/pt\/#\/schema\/logo\/image\/"}},{"@type":"Person","@id":"https:\/\/www.jardinartificial.es\/pt\/#\/schema\/person\/349992c1cf0a59076eb53a0a55f984aa","name":"Starenlared","image":{"@type":"ImageObject","inLanguage":"pt-PT","@id":"https:\/\/secure.gravatar.com\/avatar\/3b4ab7f22c1235d170addf4acbf3093bcf538f00e3e15ecc23afacf8e0f1dd93?s=96&d=mm&r=g","url":"https:\/\/secure.gravatar.com\/avatar\/3b4ab7f22c1235d170addf4acbf3093bcf538f00e3e15ecc23afacf8e0f1dd93?s=96&d=mm&r=g","contentUrl":"https:\/\/secure.gravatar.com\/avatar\/3b4ab7f22c1235d170addf4acbf3093bcf538f00e3e15ecc23afacf8e0f1dd93?s=96&d=mm&r=g","caption":"Starenlared"},"url":"https:\/\/www.jardinartificial.es\/pt\/author\/starenlared\/"}]}},"_links":{"self":[{"href":"https:\/\/www.jardinartificial.es\/pt\/wp-json\/wp\/v2\/posts\/77306","targetHints":{"allow":["GET"]}}],"collection":[{"href":"https:\/\/www.jardinartificial.es\/pt\/wp-json\/wp\/v2\/posts"}],"about":[{"href":"https:\/\/www.jardinartificial.es\/pt\/wp-json\/wp\/v2\/types\/post"}],"author":[{"embeddable":true,"href":"https:\/\/www.jardinartificial.es\/pt\/wp-json\/wp\/v2\/users\/2535"}],"replies":[{"embeddable":true,"href":"https:\/\/www.jardinartificial.es\/pt\/wp-json\/wp\/v2\/comments?post=77306"}],"version-history":[{"count":0,"href":"https:\/\/www.jardinartificial.es\/pt\/wp-json\/wp\/v2\/posts\/77306\/revisions"}],"wp:featuredmedia":[{"embeddable":true,"href":"https:\/\/www.jardinartificial.es\/pt\/wp-json\/wp\/v2\/media\/77312"}],"wp:attachment":[{"href":"https:\/\/www.jardinartificial.es\/pt\/wp-json\/wp\/v2\/media?parent=77306"}],"wp:term":[{"taxonomy":"category","embeddable":true,"href":"https:\/\/www.jardinartificial.es\/pt\/wp-json\/wp\/v2\/categories?post=77306"},{"taxonomy":"post_tag","embeddable":true,"href":"https:\/\/www.jardinartificial.es\/pt\/wp-json\/wp\/v2\/tags?post=77306"}],"curies":[{"name":"wp","href":"https:\/\/api.w.org\/{rel}","templated":true}]}}